{"id":10938,"date":"2017-12-21T17:10:50","date_gmt":"2017-12-21T16:10:50","guid":{"rendered":"http:\/\/santpedor.net\/radio\/?p=10938"},"modified":"2017-12-21T17:12:17","modified_gmt":"2017-12-21T16:12:17","slug":"lescola-la-serreta-de-santpedor-porta-a-la-placa-gran-el-seu-suport-a-les-persones-migrades","status":"publish","type":"post","link":"https:\/\/santpedor.net\/radio\/lescola-la-serreta-de-santpedor-porta-a-la-placa-gran-el-seu-suport-a-les-persones-migrades\/","title":{"rendered":"L\u2019escola La Serreta de Santpedor porta a la pla\u00e7a Gran el seu suport a les persones migrades"},"content":{"rendered":"<p>M\u00e9s de 200 nens i nenes i els seus professors, \u00e9s a dir l\u2019escola La Serrera de Santpedor en ple van participar en l\u2019acci\u00f3 conjunta de la comunitat educativa dilluns per commemorar el dia internacional de les persones migrades. Tots vestits de color blau, el color de la Mediterr\u00e0nia, van portar aquesta celebraci\u00f3 a la pla\u00e7a Gran de Santpedor i van esquivar en una de les darreres activitats de l\u2019escola abans de les vacances de Nadal.<\/p>\n<p>Els m\u00e9s grans van llegir un manifest commemoratiu del dia que portava per lema Educaci\u00f3 i Regugi. Els m\u00e9s menuts van agafar el relleu i van cantar la can\u00e7\u00f3 titulada Podries del grup Roba Estesa,\u00a0lletra d\u2019un poema de la Joana Raspall on es va una crida a ajudar les persones que han de fugir dels seus pa\u00efsos per culpa d\u2019una guerra.<\/p>\n<p>Els nens a m\u00e9s de cantar van escenificar la fugida de les persones en vaixells per la Mediterr\u00e0nia a la recerca de la pau i d\u2019una vida millor. Un vaixell de paper amb la paraula pau navegava per una improvisada mar Mediterr\u00e0nia amb onades de pl\u00e0stic a la pla\u00e7a Gran del poble.<\/p>\n","protected":false},"excerpt":{"rendered":"<p>M\u00e9s de 200 nens i nenes i els seus professors, \u00e9s a dir l\u2019escola La Serrera de Santpedor en ple van participar en l\u2019acci\u00f3 conjunta de la comunitat educativa dilluns per commemorar el dia internacional de les persones migrades. Tots vestits de color blau, el color de la Mediterr\u00e0nia, van portar aquesta celebraci\u00f3 a la [&hellip;]<\/p>\n","protected":false},"author":2,"featured_media":10939,"comment_status":"open","ping_status":"closed","sticky":false,"template":"","format":"standard","meta":{"footnotes":""},"categories":[3,137],"tags":[226,113],"class_list":{"0":"post-10938","1":"post","2":"type-post","3":"status-publish","4":"format-standard","5":"has-post-thumbnail","7":"category-noticies","8":"category-societat","9":"tag-la-serreta","10":"tag-santpedor"},"_links":{"self":[{"href":"https:\/\/santpedor.net\/radio\/wp-json\/wp\/v2\/posts\/10938","targetHints":{"allow":["GET"]}}],"collection":[{"href":"https:\/\/santpedor.net\/radio\/wp-json\/wp\/v2\/posts"}],"about":[{"href":"https:\/\/santpedor.net\/radio\/wp-json\/wp\/v2\/types\/post"}],"author":[{"embeddable":true,"href":"https:\/\/santpedor.net\/radio\/wp-json\/wp\/v2\/users\/2"}],"replies":[{"embeddable":true,"href":"https:\/\/santpedor.net\/radio\/wp-json\/wp\/v2\/comments?post=10938"}],"version-history":[{"count":0,"href":"https:\/\/santpedor.net\/radio\/wp-json\/wp\/v2\/posts\/10938\/revisions"}],"wp:featuredmedia":[{"embeddable":true,"href":"https:\/\/santpedor.net\/radio\/wp-json\/wp\/v2\/media\/10939"}],"wp:attachment":[{"href":"https:\/\/santpedor.net\/radio\/wp-json\/wp\/v2\/media?parent=10938"}],"wp:term":[{"taxonomy":"category","embeddable":true,"href":"https:\/\/santpedor.net\/radio\/wp-json\/wp\/v2\/categories?post=10938"},{"taxonomy":"post_tag","embeddable":true,"href":"https:\/\/santpedor.net\/radio\/wp-json\/wp\/v2\/tags?post=10938"}],"curies":[{"name":"wp","href":"https:\/\/api.w.org\/{rel}","templated":true}]}}