{"id":10960,"date":"2018-01-03T16:36:51","date_gmt":"2018-01-03T15:36:51","guid":{"rendered":"http:\/\/santpedor.net\/radio\/?p=10960"},"modified":"2018-01-03T16:36:51","modified_gmt":"2018-01-03T15:36:51","slug":"santpedor-tanca-lany-amb-una-nova-baixada-de-latur","status":"publish","type":"post","link":"https:\/\/santpedor.net\/radio\/santpedor-tanca-lany-amb-una-nova-baixada-de-latur\/","title":{"rendered":"Santpedor tanca l&#8217;any amb una nova baixada de l&#8217;atur"},"content":{"rendered":"<p>El tancament del 2017 ha sigut positiu a Santpedor pel qu\u00e8 fa a les dades de desocupaci\u00f3. Al desembre va baixar de nou l&#8217;atur al poble fins a situar-se en 273 persones, un 2,1% menys que al mes anterior, i fins a un 12,1% en comparaci\u00f3 a les dades de l&#8217;any anterior, al desembre del 2016. Una recuperaci\u00f3 important al llarg de l&#8217;any 2017 que ha consolidat uns registres de l&#8217;atur a Santpedor similars als que hi havia just abans de la crisi econ\u00f2mica que va esclatar al 2008.<\/p>\n<p>Al Bages tamb\u00e9 ha caigut l&#8217;atur al 2017, un 7% respecte al 2016. Pel qu\u00e8 fa a Catalunya, la desocupaci\u00f3 es redueix en 35.627 persones al 2017. S\u00f3n dades que ha fet p\u00fabliques l&#8217;Observatori del Treball i el Model Productiu de la Generalitat de Catalunya.<\/p>\n","protected":false},"excerpt":{"rendered":"<p>El tancament del 2017 ha sigut positiu a Santpedor pel qu\u00e8 fa a les dades de desocupaci\u00f3. Al desembre va baixar de nou l&#8217;atur al poble fins a situar-se en 273 persones, un 2,1% menys que al mes anterior, i fins a un 12,1% en comparaci\u00f3 a les dades de l&#8217;any anterior, al desembre del [&hellip;]<\/p>\n","protected":false},"author":6,"featured_media":5338,"comment_status":"open","ping_status":"closed","sticky":false,"template":"","format":"standard","meta":{"footnotes":""},"categories":[3,136],"tags":[45,184,113],"class_list":{"0":"post-10960","1":"post","2":"type-post","3":"status-publish","4":"format-standard","5":"has-post-thumbnail","7":"category-noticies","8":"category-politica-i-economia","9":"tag-atur","10":"tag-catalunya","11":"tag-santpedor"},"_links":{"self":[{"href":"https:\/\/santpedor.net\/radio\/wp-json\/wp\/v2\/posts\/10960","targetHints":{"allow":["GET"]}}],"collection":[{"href":"https:\/\/santpedor.net\/radio\/wp-json\/wp\/v2\/posts"}],"about":[{"href":"https:\/\/santpedor.net\/radio\/wp-json\/wp\/v2\/types\/post"}],"author":[{"embeddable":true,"href":"https:\/\/santpedor.net\/radio\/wp-json\/wp\/v2\/users\/6"}],"replies":[{"embeddable":true,"href":"https:\/\/santpedor.net\/radio\/wp-json\/wp\/v2\/comments?post=10960"}],"version-history":[{"count":0,"href":"https:\/\/santpedor.net\/radio\/wp-json\/wp\/v2\/posts\/10960\/revisions"}],"wp:featuredmedia":[{"embeddable":true,"href":"https:\/\/santpedor.net\/radio\/wp-json\/wp\/v2\/media\/5338"}],"wp:attachment":[{"href":"https:\/\/santpedor.net\/radio\/wp-json\/wp\/v2\/media?parent=10960"}],"wp:term":[{"taxonomy":"category","embeddable":true,"href":"https:\/\/santpedor.net\/radio\/wp-json\/wp\/v2\/categories?post=10960"},{"taxonomy":"post_tag","embeddable":true,"href":"https:\/\/santpedor.net\/radio\/wp-json\/wp\/v2\/tags?post=10960"}],"curies":[{"name":"wp","href":"https:\/\/api.w.org\/{rel}","templated":true}]}}