{"id":10984,"date":"2018-01-12T16:47:59","date_gmt":"2018-01-12T15:47:59","guid":{"rendered":"http:\/\/santpedor.net\/radio\/?p=10984"},"modified":"2018-01-12T16:48:44","modified_gmt":"2018-01-12T15:48:44","slug":"trobada-internacional-dalumnes-i-professors-a-linstitut-dauro-en-el-marc-dun-projecte-erasmus","status":"publish","type":"post","link":"https:\/\/santpedor.net\/radio\/trobada-internacional-dalumnes-i-professors-a-linstitut-dauro-en-el-marc-dun-projecte-erasmus\/","title":{"rendered":"Trobada internacional d\u2019alumnes i professors a l&#8217;institut d&#8217;Auro en el marc d\u2019un projecte ERASMUS+"},"content":{"rendered":"<p>Entre els dies 22 i 27 de gener, a l\u2019institut d\u2019Auro tindr\u00e0 lloc una trobada de professors i alumnes de Pol\u00f2nia, Gr\u00e8cia i Let\u00f2nia en el marc del projecte \u201cHealthy Living, Eco acting\u201d.<\/p>\n<p>En aquesta trobada hi participaran un total de 30 alumnes i 9 professors provinents d\u2019aquests pa\u00efsos, a m\u00e9s dels alumnes i professors de l\u2019institut de Santpedor, i posaran en\u00a0com\u00fa estrat\u00e8gies\u00a0treballades durant aquest primer trimestre per millorar h\u00e0bits de sostenibilitat i de salut en el seu entorn proper, l&#8217;institut. Dues de les activitats que realitzaran destaquen en tant que es projecten m\u00e9s enll\u00e0 de l\u2019estricta comunitat educativa de l\u2019institut:<\/p>\n<p>L\u2019institut far\u00e0 d\u2019aquesta la \u201cSetmana de la mobilitat sostenible\u201d convidant tots els alumnes i les seves fam\u00edlies a fer els despla\u00e7aments a l\u2019institut amb mitjans sostenibles: a peu o bicicleta, transport p\u00fablic, cotxes privats sempre compartits, etc. Formant part d\u2019aquestes activitats, durant aquests dies es tindr\u00e0 especial cura que el carril bici, en el seu tram proper a l\u2019institut, estigui sempre lliure de cotxes aparcats, especialment en les hores d\u2019entrada i sortida de l\u2019institut.<\/p>\n<p>Tamb\u00e9 durant aquesta setmana, a l\u2019institut hi haur\u00e0 una exposici\u00f3 de fotografies de den\u00fancia d\u2019actituds pocs respectuoses amb el medi ambient, fetes pels alumnes dels quatre pa\u00efsos. Aquesta exposici\u00f3 es podr\u00e0 veure, igualment, a la Sala d\u2019exposicions de la Biblioteca Pare Ignasi Casanovas, de Santpedor entre els dies 5 i 16 de febrer.<\/p>\n","protected":false},"excerpt":{"rendered":"<p>Entre els dies 22 i 27 de gener, a l\u2019institut d\u2019Auro tindr\u00e0 lloc una trobada de professors i alumnes de Pol\u00f2nia, Gr\u00e8cia i Let\u00f2nia en el marc del projecte \u201cHealthy Living, Eco acting\u201d. En aquesta trobada hi participaran un total de 30 alumnes i 9 professors provinents d\u2019aquests pa\u00efsos, a m\u00e9s dels alumnes i professors [&hellip;]<\/p>\n","protected":false},"author":2,"featured_media":10985,"comment_status":"open","ping_status":"closed","sticky":false,"template":"","format":"standard","meta":{"footnotes":""},"categories":[3,137],"tags":[769,218,113],"class_list":{"0":"post-10984","1":"post","2":"type-post","3":"status-publish","4":"format-standard","5":"has-post-thumbnail","7":"category-noticies","8":"category-societat","9":"tag-erasmus","10":"tag-institut-dauro","11":"tag-santpedor"},"_links":{"self":[{"href":"https:\/\/santpedor.net\/radio\/wp-json\/wp\/v2\/posts\/10984","targetHints":{"allow":["GET"]}}],"collection":[{"href":"https:\/\/santpedor.net\/radio\/wp-json\/wp\/v2\/posts"}],"about":[{"href":"https:\/\/santpedor.net\/radio\/wp-json\/wp\/v2\/types\/post"}],"author":[{"embeddable":true,"href":"https:\/\/santpedor.net\/radio\/wp-json\/wp\/v2\/users\/2"}],"replies":[{"embeddable":true,"href":"https:\/\/santpedor.net\/radio\/wp-json\/wp\/v2\/comments?post=10984"}],"version-history":[{"count":0,"href":"https:\/\/santpedor.net\/radio\/wp-json\/wp\/v2\/posts\/10984\/revisions"}],"wp:featuredmedia":[{"embeddable":true,"href":"https:\/\/santpedor.net\/radio\/wp-json\/wp\/v2\/media\/10985"}],"wp:attachment":[{"href":"https:\/\/santpedor.net\/radio\/wp-json\/wp\/v2\/media?parent=10984"}],"wp:term":[{"taxonomy":"category","embeddable":true,"href":"https:\/\/santpedor.net\/radio\/wp-json\/wp\/v2\/categories?post=10984"},{"taxonomy":"post_tag","embeddable":true,"href":"https:\/\/santpedor.net\/radio\/wp-json\/wp\/v2\/tags?post=10984"}],"curies":[{"name":"wp","href":"https:\/\/api.w.org\/{rel}","templated":true}]}}