{"id":11015,"date":"2018-01-30T13:02:15","date_gmt":"2018-01-30T12:02:15","guid":{"rendered":"http:\/\/santpedor.net\/radio\/?p=11015"},"modified":"2018-01-30T13:06:33","modified_gmt":"2018-01-30T12:06:33","slug":"els-castellers-de-santpedor-renoven-presidencia-i-junta-despres-dun-any","status":"publish","type":"post","link":"https:\/\/santpedor.net\/radio\/els-castellers-de-santpedor-renoven-presidencia-i-junta-despres-dun-any\/","title":{"rendered":"Els Castellers de Santpedor renoven presid\u00e8ncia i junta despr\u00e9s d&#8217;un any"},"content":{"rendered":"<p>El passat 26 de gener, els Castellers de Santpedor van celebrar una assemblea extraordin\u00e0ria amb l\u00b4\u00fanic punt a l\u2019ordre del dia de renovaci\u00f3 de la junta administrativa de l\u2019entitat. La dimissi\u00f3 de l\u2019anterior junta un any despr\u00e9s del seu nomenament va obligar aquest pas. El mandat ser\u00e0 excepcionalment d\u2019un any per quadrar la gesti\u00f3 de les juntes t\u00e8cniques i administratives.<\/p>\n<p>A l\u2019assemblea es va presentar una sola candidatura que va obtenir el suport de 40 vots favorables i nom\u00e9s en va tenir un en contra. D\u2019aquesta forma, Marta Garcia va ser proclamada presidenta. Al seu costat hi tindr\u00e0, Xavier Mira (vicepresident), Gessam\u00ed Codina (secret\u00e0ria), Maria Jes\u00fas Moreno (tresorera) i Manel Castellana i Xavier Sucarrats (vocals). Jordi Prat ser\u00e0 vocal en representaci\u00f3 de la t\u00e8cnica.<\/p>\n<figure id=\"attachment_11017\" aria-describedby=\"caption-attachment-11017\" style=\"width: 1024px\" class=\"wp-caption alignnone\"><img loading=\"lazy\" decoding=\"async\" class=\"size-full wp-image-11017\" src=\"http:\/\/santpedor.net\/radio\/wp-content\/uploads\/2018\/01\/Marta-Garcia-pren-el-relleu-de-D\u00eddac-Garcia-com-a-presidenta-dels-Castellers-de-Santpedor.jpg\" alt=\"Marta Garcia pren el relleu de D\u00eddac Garcia com a presidenta dels Castellers de Santpedor\" width=\"1024\" height=\"759\" srcset=\"https:\/\/santpedor.net\/radio\/wp-content\/uploads\/2018\/01\/Marta-Garcia-pren-el-relleu-de-D\u00eddac-Garcia-com-a-presidenta-dels-Castellers-de-Santpedor.jpg 1024w, https:\/\/santpedor.net\/radio\/wp-content\/uploads\/2018\/01\/Marta-Garcia-pren-el-relleu-de-D\u00eddac-Garcia-com-a-presidenta-dels-Castellers-de-Santpedor-300x222.jpg 300w, https:\/\/santpedor.net\/radio\/wp-content\/uploads\/2018\/01\/Marta-Garcia-pren-el-relleu-de-D\u00eddac-Garcia-com-a-presidenta-dels-Castellers-de-Santpedor-768x569.jpg 768w, https:\/\/santpedor.net\/radio\/wp-content\/uploads\/2018\/01\/Marta-Garcia-pren-el-relleu-de-D\u00eddac-Garcia-com-a-presidenta-dels-Castellers-de-Santpedor-80x60.jpg 80w, https:\/\/santpedor.net\/radio\/wp-content\/uploads\/2018\/01\/Marta-Garcia-pren-el-relleu-de-D\u00eddac-Garcia-com-a-presidenta-dels-Castellers-de-Santpedor-696x516.jpg 696w, https:\/\/santpedor.net\/radio\/wp-content\/uploads\/2018\/01\/Marta-Garcia-pren-el-relleu-de-D\u00eddac-Garcia-com-a-presidenta-dels-Castellers-de-Santpedor-1068x792.jpg 1068w, https:\/\/santpedor.net\/radio\/wp-content\/uploads\/2018\/01\/Marta-Garcia-pren-el-relleu-de-D\u00eddac-Garcia-com-a-presidenta-dels-Castellers-de-Santpedor-566x420.jpg 566w\" sizes=\"auto, (max-width: 1024px) 100vw, 1024px\" \/><figcaption id=\"caption-attachment-11017\" class=\"wp-caption-text\">Marta Garcia pren el relleu de D\u00eddac Garcia com a presidenta dels Castellers de Santpedor<\/figcaption><\/figure>\n","protected":false},"excerpt":{"rendered":"<p>El passat 26 de gener, els Castellers de Santpedor van celebrar una assemblea extraordin\u00e0ria amb l\u00b4\u00fanic punt a l\u2019ordre del dia de renovaci\u00f3 de la junta administrativa de l\u2019entitat. La dimissi\u00f3 de l\u2019anterior junta un any despr\u00e9s del seu nomenament va obligar aquest pas. El mandat ser\u00e0 excepcionalment d\u2019un any per quadrar la gesti\u00f3 de [&hellip;]<\/p>\n","protected":false},"author":2,"featured_media":11016,"comment_status":"open","ping_status":"closed","sticky":false,"template":"","format":"standard","meta":{"footnotes":""},"categories":[236,3],"tags":[153,113],"class_list":{"0":"post-11015","1":"post","2":"type-post","3":"status-publish","4":"format-standard","5":"has-post-thumbnail","7":"category-entitats-i-cultura","8":"category-noticies","9":"tag-castellers-de-santpedor","10":"tag-santpedor"},"_links":{"self":[{"href":"https:\/\/santpedor.net\/radio\/wp-json\/wp\/v2\/posts\/11015","targetHints":{"allow":["GET"]}}],"collection":[{"href":"https:\/\/santpedor.net\/radio\/wp-json\/wp\/v2\/posts"}],"about":[{"href":"https:\/\/santpedor.net\/radio\/wp-json\/wp\/v2\/types\/post"}],"author":[{"embeddable":true,"href":"https:\/\/santpedor.net\/radio\/wp-json\/wp\/v2\/users\/2"}],"replies":[{"embeddable":true,"href":"https:\/\/santpedor.net\/radio\/wp-json\/wp\/v2\/comments?post=11015"}],"version-history":[{"count":0,"href":"https:\/\/santpedor.net\/radio\/wp-json\/wp\/v2\/posts\/11015\/revisions"}],"wp:featuredmedia":[{"embeddable":true,"href":"https:\/\/santpedor.net\/radio\/wp-json\/wp\/v2\/media\/11016"}],"wp:attachment":[{"href":"https:\/\/santpedor.net\/radio\/wp-json\/wp\/v2\/media?parent=11015"}],"wp:term":[{"taxonomy":"category","embeddable":true,"href":"https:\/\/santpedor.net\/radio\/wp-json\/wp\/v2\/categories?post=11015"},{"taxonomy":"post_tag","embeddable":true,"href":"https:\/\/santpedor.net\/radio\/wp-json\/wp\/v2\/tags?post=11015"}],"curies":[{"name":"wp","href":"https:\/\/api.w.org\/{rel}","templated":true}]}}