{"id":1102,"date":"2012-07-01T16:21:08","date_gmt":"2012-07-01T16:21:08","guid":{"rendered":"http:\/\/radio.santpedor.net\/wp\/?p=1102"},"modified":"2012-07-01T16:21:08","modified_gmt":"2012-07-01T16:21:08","slug":"lies-dauro-tindra-horaris-de-jornada-intensiva-a-partir-del-curs-que-ve","status":"publish","type":"post","link":"https:\/\/santpedor.net\/radio\/lies-dauro-tindra-horaris-de-jornada-intensiva-a-partir-del-curs-que-ve\/","title":{"rendered":"L&#8217;IES d&#8217;Auro tindr\u00e0 horaris de jornada intensiva a partir del curs que ve"},"content":{"rendered":"<p>A partir del curs 2012\/2013 que comen\u00e7ara el 15 de setembre l&#8217;IES d&#8217;Auro de Santpedor passar\u00e0 a tenir horaris de jornada intensiva enlloc de tres tardes lectives a la setmana com s&#8217;havia vingut fent des del seu naixement. El nou horari seria de 8 del mat\u00ed a dos quarts de 3 de la tarda, amb alguna variaci\u00f3 puntual. Aquesta decisi\u00f3 \u00e9s fruit de la petici\u00f3 que va fer l&#8217;IES d&#8217;Auro, de forma conjunta amb 32 municipis m\u00e9s de la comarca, i que va ser autoritzada aquesta mateixa setmana pel departament d&#8217;ensenyament de la Generalitat de Catalunya. Amb aquest nou format es pret\u00e9n estalviar despeses, sobretot pel que fa al menjador escolar, el sustentament del qual seguir\u00e0 o no en funci\u00f3 de la decisi\u00f3 de cada centre per\u00f2 deixar\u00e0 de ser c\u00e0rrec del Departament.<\/p>\n","protected":false},"excerpt":{"rendered":"<p>A partir del curs 2012\/2013 que comen\u00e7ara el 15 de setembre l&#8217;IES d&#8217;Auro de Santpedor passar\u00e0 a tenir horaris de jornada intensiva enlloc de tres tardes lectives a la setmana com s&#8217;havia vingut fent des del seu naixement. El nou horari seria de 8 del mat\u00ed a dos quarts de 3 de la tarda, amb [&hellip;]<\/p>\n","protected":false},"author":1,"featured_media":0,"comment_status":"open","ping_status":"open","sticky":false,"template":"","format":"standard","meta":{"footnotes":""},"categories":[3],"tags":[46],"class_list":{"0":"post-1102","1":"post","2":"type-post","3":"status-publish","4":"format-standard","6":"category-noticies","7":"tag-ies-dauro"},"_links":{"self":[{"href":"https:\/\/santpedor.net\/radio\/wp-json\/wp\/v2\/posts\/1102","targetHints":{"allow":["GET"]}}],"collection":[{"href":"https:\/\/santpedor.net\/radio\/wp-json\/wp\/v2\/posts"}],"about":[{"href":"https:\/\/santpedor.net\/radio\/wp-json\/wp\/v2\/types\/post"}],"author":[{"embeddable":true,"href":"https:\/\/santpedor.net\/radio\/wp-json\/wp\/v2\/users\/1"}],"replies":[{"embeddable":true,"href":"https:\/\/santpedor.net\/radio\/wp-json\/wp\/v2\/comments?post=1102"}],"version-history":[{"count":0,"href":"https:\/\/santpedor.net\/radio\/wp-json\/wp\/v2\/posts\/1102\/revisions"}],"wp:attachment":[{"href":"https:\/\/santpedor.net\/radio\/wp-json\/wp\/v2\/media?parent=1102"}],"wp:term":[{"taxonomy":"category","embeddable":true,"href":"https:\/\/santpedor.net\/radio\/wp-json\/wp\/v2\/categories?post=1102"},{"taxonomy":"post_tag","embeddable":true,"href":"https:\/\/santpedor.net\/radio\/wp-json\/wp\/v2\/tags?post=1102"}],"curies":[{"name":"wp","href":"https:\/\/api.w.org\/{rel}","templated":true}]}}