{"id":11023,"date":"2018-02-01T12:22:36","date_gmt":"2018-02-01T11:22:36","guid":{"rendered":"http:\/\/santpedor.net\/radio\/?p=11023"},"modified":"2018-02-01T12:22:36","modified_gmt":"2018-02-01T11:22:36","slug":"comencen-els-votacions-pels-pressupostos-participatius-de-santpedor","status":"publish","type":"post","link":"https:\/\/santpedor.net\/radio\/comencen-els-votacions-pels-pressupostos-participatius-de-santpedor\/","title":{"rendered":"Comencen els votacions pels pressupostos participatius de Santpedor"},"content":{"rendered":"<p>Els santpedorencs ja poden votar com volen invertir els 60.000 euros dels pressupostos participatius del 2018. Ahir van acabar els tres dies de presentacions dels 17 projectes que s&#8217;han presentat a la Capella de Sant Andreu, i avui l&#8217;Ajuntament ha donat el tret de sortida oficial al per\u00edode de votacions, que s&#8217;allargar\u00e0 durant tot el mes de febrer.<\/p>\n<p>La Capella va registrar ahir un ple absolut per seguir les presentacions de les \u00faltimes propostes: millorar el cam\u00ed als aiguamolls, ampliar el parc de la Pau, millorar el parc Gabriel Prat, comprar una grada desmuntable, i fer una zona verda darrere l&#8217;escola La Serreta, que va aplegar una multitud de nens i pares que van deixar petita la sala.<\/p>\n<p>A part d&#8217;aquestes, dimarts i dilluns es van <a href=\"http:\/\/onabages.cat\/15200\/les-17-propostes-presentades-pels-pressupostos-participatius-de-santpedor-sexposaran-a-la-capella\">presentar les altres 11 propostes<\/a>. Per si no vau poder assistir a les presentacions, l&#8217;Ajuntament ha penjat els <a href=\"https:\/\/www.youtube.com\/channel\/UC7umDewkV8DYT_bSFUnlT-Q\">v\u00eddeos de les presentacions de tots els projectes al seu canal de Youtube<\/a>.<\/p>\n<p><strong>Vot electr\u00f2nic<\/strong><\/p>\n<p>Les votacions, que ja estan en marxa, s\u00f3n digitals. L&#8217;\u00fanica opci\u00f3 per votar \u00e9s, per tant, a trav\u00e9s d&#8217;un dispositiu amb connexi\u00f3 a internet, introduint el DNI i el n\u00famero de m\u00f2bil -al qual s&#8217;envia un codi que cal introduir per confirmar el vot- al formulari del <a href=\"https:\/\/participacio.santpedor.cat\/pressupost-participatiu\/index.php\">web dels pressupostos participatius<\/a>. En qualsevol cas, per aquells que no tinguin a l&#8217;abast un dispositiu amb internet per fer la votaci\u00f3 pel seu compte, l&#8217;Ajuntament disposa durant tot el mes dos punts de suport per fer la votaci\u00f3 electr\u00f2nica, al mateix Ajuntament (de 9h a 14h) i a la Biblioteca Pare Ignasi Casanovas (de 16h a 20:30h).<\/p>\n","protected":false},"excerpt":{"rendered":"<p>Els santpedorencs ja poden votar com volen invertir els 60.000 euros dels pressupostos participatius del 2018. Ahir van acabar els tres dies de presentacions dels 17 projectes que s&#8217;han presentat a la Capella de Sant Andreu, i avui l&#8217;Ajuntament ha donat el tret de sortida oficial al per\u00edode de votacions, que s&#8217;allargar\u00e0 durant tot el [&hellip;]<\/p>\n","protected":false},"author":6,"featured_media":11024,"comment_status":"open","ping_status":"closed","sticky":false,"template":"","format":"standard","meta":{"footnotes":""},"categories":[3,137],"tags":[7,317,396,113],"class_list":{"0":"post-11023","1":"post","2":"type-post","3":"status-publish","4":"format-standard","5":"has-post-thumbnail","7":"category-noticies","8":"category-societat","9":"tag-ajuntament","10":"tag-pressupostos","11":"tag-pressupostos-participatius","12":"tag-santpedor"},"_links":{"self":[{"href":"https:\/\/santpedor.net\/radio\/wp-json\/wp\/v2\/posts\/11023","targetHints":{"allow":["GET"]}}],"collection":[{"href":"https:\/\/santpedor.net\/radio\/wp-json\/wp\/v2\/posts"}],"about":[{"href":"https:\/\/santpedor.net\/radio\/wp-json\/wp\/v2\/types\/post"}],"author":[{"embeddable":true,"href":"https:\/\/santpedor.net\/radio\/wp-json\/wp\/v2\/users\/6"}],"replies":[{"embeddable":true,"href":"https:\/\/santpedor.net\/radio\/wp-json\/wp\/v2\/comments?post=11023"}],"version-history":[{"count":0,"href":"https:\/\/santpedor.net\/radio\/wp-json\/wp\/v2\/posts\/11023\/revisions"}],"wp:featuredmedia":[{"embeddable":true,"href":"https:\/\/santpedor.net\/radio\/wp-json\/wp\/v2\/media\/11024"}],"wp:attachment":[{"href":"https:\/\/santpedor.net\/radio\/wp-json\/wp\/v2\/media?parent=11023"}],"wp:term":[{"taxonomy":"category","embeddable":true,"href":"https:\/\/santpedor.net\/radio\/wp-json\/wp\/v2\/categories?post=11023"},{"taxonomy":"post_tag","embeddable":true,"href":"https:\/\/santpedor.net\/radio\/wp-json\/wp\/v2\/tags?post=11023"}],"curies":[{"name":"wp","href":"https:\/\/api.w.org\/{rel}","templated":true}]}}