{"id":11043,"date":"2018-02-12T15:47:10","date_gmt":"2018-02-12T14:47:10","guid":{"rendered":"http:\/\/santpedor.net\/radio\/?p=11043"},"modified":"2018-02-12T15:47:10","modified_gmt":"2018-02-12T14:47:10","slug":"la-transequia-mes-solidaria-arriba-el-proper-4de-marc","status":"publish","type":"post","link":"https:\/\/santpedor.net\/radio\/la-transequia-mes-solidaria-arriba-el-proper-4de-marc\/","title":{"rendered":"La Trans\u00e8quia m\u00e9s solid\u00e0ria arriba el proper 4de mar\u00e7"},"content":{"rendered":"<p>El proper diumenge 4 de mar\u00e7 els municipis de Balsareny, Sallent, Santpedor, Sant Fruit\u00f3s de Bages i Manresa, acolliran la 34a edici\u00f3 de la Trans\u00e8quia. Un esdeveniment que ja s\u2019ha consolidat com a la gran prova esportiva i participativa de la Catalunya Central.<\/p>\n<p>La Trans\u00e8quia arriba a la 34a edici\u00f3 plena d\u2019energia i amb l\u2019empenta dels bons resultats de l\u2019edici\u00f3 passada, que va arribar a la impressionant xifra de 5.134 participants. Va n\u00e9ixer l\u2019any 1985 per homenatjar a les persones que entre 1339 i 1383 van construir la S\u00e8quia que porta l\u2019aigua del riu Llobregat a l\u2019al\u00e7ada de Balsareny fins a Manresa. El llarg recorregut hist\u00f2ric i la tradici\u00f3 en la que ja s\u2019ha convertit aquesta festa esportiva han fet de la Trans\u00e8quia un punt de concentraci\u00f3 d\u2019amants de la natura, l\u2019esport i l\u2019oci a l\u2019aire lliure.<\/p>\n<p>Aquesta ser\u00e0 la cinquena edici\u00f3 organitzada per la Fundaci\u00f3 Aig\u00fces de Manresa \u2013 Junta de la S\u00e8quia, que va emprendre el projecte amb molta il\u00b7lusi\u00f3 i veient-lo com una oportunitat per crear xarxa dins el territori entre entitats, empreses i persones que hi viuen i hi treballen.<\/p>\n<p>Aquest any com a novetat la Trans\u00e8quia col\u00b7labora amb el projecte engegat per la Fundaci\u00f3 Althaia amb la intenci\u00f3 de fer un nou Hospital de Dia d\u2019oncologia. El projecte t\u00e9 com a objectiu refer l\u2019hospital de dia amb el m\u00e0xim nivell tecnol\u00f2gic a la vegada que n\u2019humanitza els espais per tal que els pacients puguin afrontar el tractament d&#8217;aquesta malaltia en un entorn de confort i calidesa. Per aix\u00f2 totes les inscripcions inclouen 1 \u20ac solidari que anir\u00e0 integralment al projecte. Per donar visibilitat a aquesta aportaci\u00f3 els participants rebran una polsera exclusiva del projecte \u201cPosa-hi el cor\u201d.<\/p>\n<p>La Trans\u00e8quia compta amb la col\u00b7laboraci\u00f3 principal de BBVA CX des de l&#8217;edici\u00f3 2015. L\u2019entitat, per quart any consecutiu, dona suport a la iniciativa fent palesa la seva proximitat i vinculaci\u00f3 amb el territori. En concret, BBVA CX fa una forta aposta a la Catalunya Central mantenint el vincle especial que les uneix. L&#8217;hist\u00f2ric arrelament de CX al Bages \u00e9s latent, tant pel servei financer com pel comprom\u00eds amb les seves entitats locals, impulsant esdeveniments culturals, esportius i populars que contribueixen a potenciar i promocionar el territori. Aquest comprom\u00eds de l&#8217;entitat \u00e9s un dels pilars de la col\u00b7laboraci\u00f3 en la Trans\u00e8quia.<\/p>\n","protected":false},"excerpt":{"rendered":"<p>El proper diumenge 4 de mar\u00e7 els municipis de Balsareny, Sallent, Santpedor, Sant Fruit\u00f3s de Bages i Manresa, acolliran la 34a edici\u00f3 de la Trans\u00e8quia. Un esdeveniment que ja s\u2019ha consolidat com a la gran prova esportiva i participativa de la Catalunya Central. La Trans\u00e8quia arriba a la 34a edici\u00f3 plena d\u2019energia i amb l\u2019empenta [&hellip;]<\/p>\n","protected":false},"author":6,"featured_media":11044,"comment_status":"open","ping_status":"closed","sticky":false,"template":"","format":"standard","meta":{"footnotes":""},"categories":[3,137],"tags":[27,28,113,11],"class_list":{"0":"post-11043","1":"post","2":"type-post","3":"status-publish","4":"format-standard","5":"has-post-thumbnail","7":"category-noticies","8":"category-societat","9":"tag-sallent","10":"tag-sant-fruitos-de-bages","11":"tag-santpedor","12":"tag-transequia"},"_links":{"self":[{"href":"https:\/\/santpedor.net\/radio\/wp-json\/wp\/v2\/posts\/11043","targetHints":{"allow":["GET"]}}],"collection":[{"href":"https:\/\/santpedor.net\/radio\/wp-json\/wp\/v2\/posts"}],"about":[{"href":"https:\/\/santpedor.net\/radio\/wp-json\/wp\/v2\/types\/post"}],"author":[{"embeddable":true,"href":"https:\/\/santpedor.net\/radio\/wp-json\/wp\/v2\/users\/6"}],"replies":[{"embeddable":true,"href":"https:\/\/santpedor.net\/radio\/wp-json\/wp\/v2\/comments?post=11043"}],"version-history":[{"count":0,"href":"https:\/\/santpedor.net\/radio\/wp-json\/wp\/v2\/posts\/11043\/revisions"}],"wp:featuredmedia":[{"embeddable":true,"href":"https:\/\/santpedor.net\/radio\/wp-json\/wp\/v2\/media\/11044"}],"wp:attachment":[{"href":"https:\/\/santpedor.net\/radio\/wp-json\/wp\/v2\/media?parent=11043"}],"wp:term":[{"taxonomy":"category","embeddable":true,"href":"https:\/\/santpedor.net\/radio\/wp-json\/wp\/v2\/categories?post=11043"},{"taxonomy":"post_tag","embeddable":true,"href":"https:\/\/santpedor.net\/radio\/wp-json\/wp\/v2\/tags?post=11043"}],"curies":[{"name":"wp","href":"https:\/\/api.w.org\/{rel}","templated":true}]}}