{"id":11047,"date":"2018-02-14T12:49:05","date_gmt":"2018-02-14T11:49:05","guid":{"rendered":"http:\/\/santpedor.net\/radio\/?p=11047"},"modified":"2018-02-14T17:38:24","modified_gmt":"2018-02-14T16:38:24","slug":"el-ple-de-santpedor-aprova-que-la-sala-annexa-de-la-biblioteca-es-digui-sala-1-doctubre","status":"publish","type":"post","link":"https:\/\/santpedor.net\/radio\/el-ple-de-santpedor-aprova-que-la-sala-annexa-de-la-biblioteca-es-digui-sala-1-doctubre\/","title":{"rendered":"El ple de Santpedor aprova que la sala annexa de la biblioteca es digui Sala 1 d&#8217;Octubre"},"content":{"rendered":"<p>La sala annexa de la Biblioteca Pare Ignasi Casanovas es diu a partir d&#8217;avui Sala 1 d&#8217;Octubre. Un nom que fa honor a la jornada en qu\u00e8 Santpedor, com tots els pobles de Catalunya, va exercir el seu dret a decidir tot i la repressi\u00f3 policial. Aquesta sala, a part de fer-se servir per xerrades o actes variats, t\u00e9 la funci\u00f3, des de fa anys, de col\u00b7legi electoral, sempre que hi ha comicis electorals. Tamb\u00e9 va ser aix\u00ed el passat 1 d&#8217;Octubre, quan desenes de santpedorencs van vetllar la sala, i fins i tot dormir-hi les dues nits del cap de setmana, per impedir que la policia vingu\u00e9s i precint\u00e9s el col\u00b7legi electoral. L&#8217;alcalde, Xavier Codina, va explicar al ple el perqu\u00e8 d&#8217;aquesta moci\u00f3 que es presentava des del seu grup, ERC:<\/p>\n<audio class=\"wp-audio-shortcode\" id=\"audio-11047-1\" preload=\"none\" style=\"width: 100%;\" controls=\"controls\"><source type=\"audio\/mpeg\" src=\"http:\/\/santpedor.net\/radio\/wp-content\/uploads\/2018\/02\/T-XCodina-sala-1oct.mp3?_=1\" \/><a href=\"http:\/\/santpedor.net\/radio\/wp-content\/uploads\/2018\/02\/T-XCodina-sala-1oct.mp3\">http:\/\/santpedor.net\/radio\/wp-content\/uploads\/2018\/02\/T-XCodina-sala-1oct.mp3<\/a><\/audio>\n<p>La proposta es va aprovar tamb\u00e9 amb els vots dels tres regidors del PDECAT i l&#8217;abstenci\u00f3 de la regidora de Progr\u00e9s Municipal, Fina Rodr\u00edguez, que va demanar a l&#8217;equip de govern que pos\u00e9s l&#8217;\u00e8mfasi que posa en aquest tipus de mocions en q\u00fcestions que afectin l&#8217;\u00e0mbit del poble<\/p>\n","protected":false},"excerpt":{"rendered":"<p>La sala annexa de la Biblioteca Pare Ignasi Casanovas es diu a partir d&#8217;avui Sala 1 d&#8217;Octubre. Un nom que fa honor a la jornada en qu\u00e8 Santpedor, com tots els pobles de Catalunya, va exercir el seu dret a decidir tot i la repressi\u00f3 policial. Aquesta sala, a part de fer-se servir per xerrades [&hellip;]<\/p>\n","protected":false},"author":6,"featured_media":11049,"comment_status":"open","ping_status":"closed","sticky":false,"template":"","format":"standard","meta":{"footnotes":""},"categories":[3,137],"tags":[1068,38,113],"class_list":{"0":"post-11047","1":"post","2":"type-post","3":"status-publish","4":"format-standard","5":"has-post-thumbnail","7":"category-noticies","8":"category-societat","9":"tag-1-doctubre","10":"tag-ple","11":"tag-santpedor"},"_links":{"self":[{"href":"https:\/\/santpedor.net\/radio\/wp-json\/wp\/v2\/posts\/11047","targetHints":{"allow":["GET"]}}],"collection":[{"href":"https:\/\/santpedor.net\/radio\/wp-json\/wp\/v2\/posts"}],"about":[{"href":"https:\/\/santpedor.net\/radio\/wp-json\/wp\/v2\/types\/post"}],"author":[{"embeddable":true,"href":"https:\/\/santpedor.net\/radio\/wp-json\/wp\/v2\/users\/6"}],"replies":[{"embeddable":true,"href":"https:\/\/santpedor.net\/radio\/wp-json\/wp\/v2\/comments?post=11047"}],"version-history":[{"count":0,"href":"https:\/\/santpedor.net\/radio\/wp-json\/wp\/v2\/posts\/11047\/revisions"}],"wp:featuredmedia":[{"embeddable":true,"href":"https:\/\/santpedor.net\/radio\/wp-json\/wp\/v2\/media\/11049"}],"wp:attachment":[{"href":"https:\/\/santpedor.net\/radio\/wp-json\/wp\/v2\/media?parent=11047"}],"wp:term":[{"taxonomy":"category","embeddable":true,"href":"https:\/\/santpedor.net\/radio\/wp-json\/wp\/v2\/categories?post=11047"},{"taxonomy":"post_tag","embeddable":true,"href":"https:\/\/santpedor.net\/radio\/wp-json\/wp\/v2\/tags?post=11047"}],"curies":[{"name":"wp","href":"https:\/\/api.w.org\/{rel}","templated":true}]}}