{"id":11079,"date":"2018-03-01T11:54:19","date_gmt":"2018-03-01T10:54:19","guid":{"rendered":"http:\/\/santpedor.net\/radio\/?p=11079"},"modified":"2018-03-01T12:10:34","modified_gmt":"2018-03-01T11:10:34","slug":"les-inversions-a-cal-clarasso-i-el-mirador-de-montserrat-inflen-els-pressupostos-de-santpedor-pel-2018","status":"publish","type":"post","link":"https:\/\/santpedor.net\/radio\/les-inversions-a-cal-clarasso-i-el-mirador-de-montserrat-inflen-els-pressupostos-de-santpedor-pel-2018\/","title":{"rendered":"Les inversions a Cal Clarass\u00f3 i el Mirador de Montserrat inflen els pressupostos de Santpedor pel 2018"},"content":{"rendered":"<p>El ple extraordinari de Santpedor va aprovar ahir uns pressupostos pel 2018 que pugen a 12,1 milions d&#8217;euros, un 50% m\u00e9s que l&#8217;any anterior (van ser 8,1 milions d&#8217;euros). L&#8217;increment ve donat, segons va explicar en una detallada exposici\u00f3 la regidora d&#8217;Hisenda Judit Raja, per la inclusi\u00f3 de potents inversions que s&#8217;ha previst comen\u00e7ar a executar aquest any.<\/p>\n<p><img loading=\"lazy\" decoding=\"async\" class=\"wp-image-15537 alignleft\" src=\"http:\/\/onabages.cat\/wp-content\/uploads\/2018\/03\/Quadre-dinversions-Pressupsotos-Santpedor-2018-FOTO.AJUNTAMENT-DE-SANTPEDOR.jpg\" alt=\"\" width=\"405\" height=\"468\" \/><\/p>\n<p>&nbsp;<\/p>\n<p>\u00c9s el cas del clavegueram del Mirador de Montserrat, pressupostat en 2,7 milions d&#8217;euros, i les obres del qual es volen comen\u00e7ar enguany despr\u00e9s d&#8217;anys treballant en el projecte. Tamb\u00e9 Cal Clarass\u00f3, que ja t\u00e9 un projecte redactat per ubicar-hi el casal d&#8217;avis i espais per entitats, s&#8217;endur\u00e0 una partida molt important, d&#8217;1,2 milions d&#8217;euros. En aquest cas, gaireb\u00e9 la meitat, 500.000 euros, els finan\u00e7ar\u00e0 la Diputaci\u00f3 de Barcelona a trav\u00e9s d&#8217;una subvenci\u00f3 ja aprovada. Totes dues inversions, per altra banda, est\u00e0 previst que s&#8217;executin en fases que englobaran tres i dos exercicis econ\u00f2mics respectivament.<\/p>\n<p>A part, tamb\u00e9 destaca la inversi\u00f3 de 300.000 euros per arreglar les tuberies de la piscina gran de les piscines municipals i els vestidors; aix\u00ed com els 200.000 euros que es volen destinar al canvi d&#8217;edifici de la Policia Local de Santpedor.<\/p>\n<p>La regidora d&#8217;Hisenda, Judit Raja, assegura que l&#8217;augment de les inversions respon a un esfor\u00e7 per complir amb les promeses electorals amb qu\u00e8 l&#8217;equip de govern es va presentar a les eleccions:<\/p>\n<audio class=\"wp-audio-shortcode\" id=\"audio-11079-1\" preload=\"none\" style=\"width: 100%;\" controls=\"controls\"><source type=\"audio\/mpeg\" src=\"http:\/\/santpedor.net\/radio\/wp-content\/uploads\/2018\/03\/T-JRaja-pressus-esfor\u00e7-per-complir-promeses.mp3?_=1\" \/><a href=\"http:\/\/santpedor.net\/radio\/wp-content\/uploads\/2018\/03\/T-JRaja-pressus-esfor\u00e7-per-complir-promeses.mp3\">http:\/\/santpedor.net\/radio\/wp-content\/uploads\/2018\/03\/T-JRaja-pressus-esfor\u00e7-per-complir-promeses.mp3<\/a><\/audio>\n<p>En el cap\u00edtol de despeses, el pressupost passa de 7,08 milions a 7,4 milions d&#8217;euros. Una difer\u00e8ncia que ve donada per l&#8217;increment en la despesa de personal, i l&#8217;increment en serveis municipals per la incorporaci\u00f3 del contracte de jardineria amb 80.000 euros addicionals, aix\u00ed com d&#8217;altres increments en serveis diversos.<\/p>\n<p><strong>L&#8217;oposici\u00f3 vota en contra perqu\u00e8 considera els pressupostos &#8220;electoralistes&#8221;<\/strong><\/p>\n<p>Els comptes no deixen bon regust de boca als partits que formen part de l&#8217;oposici\u00f3. Tant PDECAT com Progr\u00e9s Municipal van votar-hi en contra, titllant-los de &#8220;electoralistes&#8221; i &#8220;no equilibrats&#8221;.<\/p>\n<p>Aix\u00ed ho va exposar la regidora del PDECAT Roser Llobera, que va lamentar que &#8220;moltes d&#8217;aquestes inversions, ho hem vist altres anys, no s&#8217;acaben complint&#8221;:<\/p>\n<audio class=\"wp-audio-shortcode\" id=\"audio-11079-2\" preload=\"none\" style=\"width: 100%;\" controls=\"controls\"><source type=\"audio\/mpeg\" src=\"http:\/\/santpedor.net\/radio\/wp-content\/uploads\/2018\/03\/T-Roser-Llobera-pressupostos.mp3?_=2\" \/><a href=\"http:\/\/santpedor.net\/radio\/wp-content\/uploads\/2018\/03\/T-Roser-Llobera-pressupostos.mp3\">http:\/\/santpedor.net\/radio\/wp-content\/uploads\/2018\/03\/T-Roser-Llobera-pressupostos.mp3<\/a><\/audio>\n<p>La portaveu de Progr\u00e9s Municipal, Fina Rodr\u00edguez, tamb\u00e9 va mostrar-se descontenta amb uns comptes que &#8220;trenquen l&#8217;equilibri pressupostari i obliguen a un fer un pla econ\u00f2mic financer&#8221;. En la mateixa l\u00ednia que el PDECAT, Rodr\u00edguez va assegurar que &#8220;un cap\u00edtol d&#8217;inversions tan inflat&#8221; respon a una voluntat &#8220;electoralista&#8221;:<\/p>\n<audio class=\"wp-audio-shortcode\" id=\"audio-11079-3\" preload=\"none\" style=\"width: 100%;\" controls=\"controls\"><source type=\"audio\/mpeg\" src=\"http:\/\/santpedor.net\/radio\/wp-content\/uploads\/2018\/03\/T-FRodr\u00edguez-presus.mp3?_=3\" \/><a href=\"http:\/\/santpedor.net\/radio\/wp-content\/uploads\/2018\/03\/T-FRodr\u00edguez-presus.mp3\">http:\/\/santpedor.net\/radio\/wp-content\/uploads\/2018\/03\/T-FRodr\u00edguez-presus.mp3<\/a><\/audio>\n<p>A tot aix\u00f2, Judit Raja va admetre que els comptes generen un desequilibri pressupostari per l&#8217;alt cap\u00edtol d&#8217;inversions, motiu pel qual caldr\u00e0 fer un pla econ\u00f2mic financer que &#8220;demostri que un cop fetes les inversions podrem recuperar l&#8217;equilibri econ\u00f2mic&#8221;. Va subratllar, per\u00f2, que tot i que cada any s&#8217;afegeixen partides al pressupost per demanar pr\u00e9stecs, mai s&#8217;han acabat utilitzant. I que encara que aquest any s\u00ed que se&#8217;n fes \u00fas, el baix endeutament del municipi permetria fer-hi front.<\/p>\n<p>Escolta el ple municipal extraordinari sencer:<\/p>\n<p><iframe loading=\"lazy\" id=\"audio_24146522\" style=\"border: 1px solid #EEE; box-sizing: border-box; width: 100%;\" src=\"http:\/\/www.ivoox.com\/player_ej_24146522_4_1.html?c1=828282\" width=\"300\" height=\"200\" frameborder=\"0\" scrolling=\"no\" allowfullscreen=\"allowfullscreen\"><\/iframe><\/p>\n","protected":false},"excerpt":{"rendered":"<p>El ple extraordinari de Santpedor va aprovar ahir uns pressupostos pel 2018 que pugen a 12,1 milions d&#8217;euros, un 50% m\u00e9s que l&#8217;any anterior (van ser 8,1 milions d&#8217;euros). L&#8217;increment ve donat, segons va explicar en una detallada exposici\u00f3 la regidora d&#8217;Hisenda Judit Raja, per la inclusi\u00f3 de potents inversions que s&#8217;ha previst comen\u00e7ar a [&hellip;]<\/p>\n","protected":false},"author":6,"featured_media":11080,"comment_status":"open","ping_status":"closed","sticky":false,"template":"","format":"standard","meta":{"footnotes":""},"categories":[3,136],"tags":[38,317,113],"class_list":{"0":"post-11079","1":"post","2":"type-post","3":"status-publish","4":"format-standard","5":"has-post-thumbnail","7":"category-noticies","8":"category-politica-i-economia","9":"tag-ple","10":"tag-pressupostos","11":"tag-santpedor"},"_links":{"self":[{"href":"https:\/\/santpedor.net\/radio\/wp-json\/wp\/v2\/posts\/11079","targetHints":{"allow":["GET"]}}],"collection":[{"href":"https:\/\/santpedor.net\/radio\/wp-json\/wp\/v2\/posts"}],"about":[{"href":"https:\/\/santpedor.net\/radio\/wp-json\/wp\/v2\/types\/post"}],"author":[{"embeddable":true,"href":"https:\/\/santpedor.net\/radio\/wp-json\/wp\/v2\/users\/6"}],"replies":[{"embeddable":true,"href":"https:\/\/santpedor.net\/radio\/wp-json\/wp\/v2\/comments?post=11079"}],"version-history":[{"count":0,"href":"https:\/\/santpedor.net\/radio\/wp-json\/wp\/v2\/posts\/11079\/revisions"}],"wp:featuredmedia":[{"embeddable":true,"href":"https:\/\/santpedor.net\/radio\/wp-json\/wp\/v2\/media\/11080"}],"wp:attachment":[{"href":"https:\/\/santpedor.net\/radio\/wp-json\/wp\/v2\/media?parent=11079"}],"wp:term":[{"taxonomy":"category","embeddable":true,"href":"https:\/\/santpedor.net\/radio\/wp-json\/wp\/v2\/categories?post=11079"},{"taxonomy":"post_tag","embeddable":true,"href":"https:\/\/santpedor.net\/radio\/wp-json\/wp\/v2\/tags?post=11079"}],"curies":[{"name":"wp","href":"https:\/\/api.w.org\/{rel}","templated":true}]}}