{"id":11125,"date":"2018-03-16T10:48:24","date_gmt":"2018-03-16T09:48:24","guid":{"rendered":"http:\/\/santpedor.net\/radio\/?p=11125"},"modified":"2018-03-16T10:48:24","modified_gmt":"2018-03-16T09:48:24","slug":"latur-cau-amb-estrepit-a-santpedor-al-mes-de-febrer","status":"publish","type":"post","link":"https:\/\/santpedor.net\/radio\/latur-cau-amb-estrepit-a-santpedor-al-mes-de-febrer\/","title":{"rendered":"L&#8217;atur cau amb estr\u00e8pit a Santpedor al mes de febrer"},"content":{"rendered":"<h3>Davallada de fins a un 6,5% de l&#8217;atur a Santpedor<\/h3>\n<p>Despr\u00e9s d&#8217;un lleuger augment de l&#8217;atur en comen\u00e7ar l&#8217;any, Santpedor veu com al mes de febrer la desocupaci\u00f3 ha fet una gran davallada. En concret un 6,5% de baixada, que s\u00f3n fins a 18 persones menys a les llistes de l&#8217;INEM. A dia d&#8217;avui, doncs, Santpedor compta amb 262 persones aturades, la xifra m\u00e9s baixa des del 2008, abans de la crisi financera.<\/p>\n<p>Tamb\u00e9 al Bages hi ha hagut una davallada de l&#8217;atur. Aix\u00f2 s\u00ed, m\u00e9s lleugera, d&#8217;un 1%, per 9.734 persones desocupades. En la mateixa proporci\u00f3 ha baixat l&#8217;atur a Catalunya, on al tancament del mes de febrer hi havia 418.181 persones aturades. S\u00f3n dades que proporciona l&#8217;Observatori del Treball i el Model Productiu de la Generalitat de Catalunya.<\/p>\n","protected":false},"excerpt":{"rendered":"<p>Davallada de fins a un 6,5% de l&#8217;atur a Santpedor Despr\u00e9s d&#8217;un lleuger augment de l&#8217;atur en comen\u00e7ar l&#8217;any, Santpedor veu com al mes de febrer la desocupaci\u00f3 ha fet una gran davallada. En concret un 6,5% de baixada, que s\u00f3n fins a 18 persones menys a les llistes de l&#8217;INEM. A dia d&#8217;avui, doncs, [&hellip;]<\/p>\n","protected":false},"author":6,"featured_media":9802,"comment_status":"open","ping_status":"closed","sticky":false,"template":"","format":"standard","meta":{"footnotes":""},"categories":[3,136],"tags":[45,113],"class_list":{"0":"post-11125","1":"post","2":"type-post","3":"status-publish","4":"format-standard","5":"has-post-thumbnail","7":"category-noticies","8":"category-politica-i-economia","9":"tag-atur","10":"tag-santpedor"},"_links":{"self":[{"href":"https:\/\/santpedor.net\/radio\/wp-json\/wp\/v2\/posts\/11125","targetHints":{"allow":["GET"]}}],"collection":[{"href":"https:\/\/santpedor.net\/radio\/wp-json\/wp\/v2\/posts"}],"about":[{"href":"https:\/\/santpedor.net\/radio\/wp-json\/wp\/v2\/types\/post"}],"author":[{"embeddable":true,"href":"https:\/\/santpedor.net\/radio\/wp-json\/wp\/v2\/users\/6"}],"replies":[{"embeddable":true,"href":"https:\/\/santpedor.net\/radio\/wp-json\/wp\/v2\/comments?post=11125"}],"version-history":[{"count":0,"href":"https:\/\/santpedor.net\/radio\/wp-json\/wp\/v2\/posts\/11125\/revisions"}],"wp:featuredmedia":[{"embeddable":true,"href":"https:\/\/santpedor.net\/radio\/wp-json\/wp\/v2\/media\/9802"}],"wp:attachment":[{"href":"https:\/\/santpedor.net\/radio\/wp-json\/wp\/v2\/media?parent=11125"}],"wp:term":[{"taxonomy":"category","embeddable":true,"href":"https:\/\/santpedor.net\/radio\/wp-json\/wp\/v2\/categories?post=11125"},{"taxonomy":"post_tag","embeddable":true,"href":"https:\/\/santpedor.net\/radio\/wp-json\/wp\/v2\/tags?post=11125"}],"curies":[{"name":"wp","href":"https:\/\/api.w.org\/{rel}","templated":true}]}}