{"id":11130,"date":"2018-03-20T10:53:57","date_gmt":"2018-03-20T09:53:57","guid":{"rendered":"http:\/\/santpedor.net\/radio\/?p=11130"},"modified":"2018-03-20T10:53:57","modified_gmt":"2018-03-20T09:53:57","slug":"adjudiquen-la-redaccio-del-projecte-de-la-futura-escola-la-serreta-de-santpedor","status":"publish","type":"post","link":"https:\/\/santpedor.net\/radio\/adjudiquen-la-redaccio-del-projecte-de-la-futura-escola-la-serreta-de-santpedor\/","title":{"rendered":"Adjudiquen la redacci\u00f3 del projecte de  la futura escola La Serreta de Santpedor"},"content":{"rendered":"<h3>Forgas Atquitectes que van dissenyar l\u2019IES Cal Gravat de Manresa (2008) seran ara els responsables d\u2019idear la nova escola de Santpedor<\/h3>\n<p>El Consell d\u2019infraestructures de la Generalitat de Catalunya ja ha adjudicat el projecte de la nova escola La Serreta de Santpedor. El contracte de serveis per a l\u2019assist\u00e8ncia t\u00e8cnica per a la redacci\u00f3 del projecte b\u00e0sic i del projecte executiu se l\u2019ha endut un estudi d\u2019arquitectura de Barcelona, Forgas Arquitectes. En els propers mesos idearan la nova escola i despr\u00e9s seran els responsables tamb\u00e9 de fer la posterior direcci\u00f3 d\u2019obres. La Generalitat ha informat l\u2019Ajuntament de Santpedor d\u2019aquesta decisi\u00f3 en una reuni\u00f3 entre l\u2019alcalde de santpedor, Xavier Codina i el regidor d\u2019Ensenyament, Agust\u00ed Comas amb Ramon Bajona, director de Serveis Territorials d\u2019Ensenyament a la Catalunya Central. La not\u00edcia de l\u2019adjudicaci\u00f3 ha coincidit amb la jornada de les portes obertes dels centres educatius. Aquest cap de setmana, els pares interessats han pogut visitar precisament les actuals instal\u00b7lacions de la Serreta.<\/p>\n<p>L\u2019Ajuntament, propietari dels terrenys on es construir\u00e0 la futura escola, far\u00e0 un seguiment del projecte i ja ha informat la direcci\u00f3 de l\u2019escola de l\u2019adjudicaci\u00f3 del projecte. Forgas Arquitectes \u00e9s un estudi d&#8217;arquitectura iniciat l&#8217;any 1989 per Joan Forgas i Dolors Ylla-Catal\u00e0 dedicat al desenvolupament de projectes en l&#8217;\u00e0mbit de l&#8217;espai p\u00fablic, les infraestructures, els equipaments, l&#8217;habitatge, la restauraci\u00f3 i el patrimoni. En aquests anys de traject\u00f2ria l&#8217;equip ha obtingut diversos premis i reconeixements i ha guanyat nombrosos concursos d&#8217;idees nacionals i internacionals. Entre els centres educatius que ha projectat hi ha l\u2019Escola Soler de Vilardell de St. Celoni (1917), l\u2019Escola Els Vinyals, Lli\u00e7\u00e0 de Vall (2015) i la Facultat d&#8217;educaci\u00f3, traducci\u00f3 i c. Humanes (2015). Tamb\u00e9 va dissenyar l\u2019IES Cal Gravat, Manresa (2008)<\/p>\n<p>La nova escola de La Serreta es preveu que tingui un espai d\u2019educaci\u00f3 infantil i un altre per als alumnes de prim\u00e0ria. Tindr\u00e0 una sola l\u00ednia educativa i capacitat per a 225 alumnes. En la par d\u2019educaci\u00f3 infantil hi ha previst 55 nens i nenes repartits en 3 aules, lavabos per a nens i mestres, aula de psicomotricitat, tutoria i magatzem. En l\u2019espai destinat a educaci\u00f3 prim\u00e0ria hi haur\u00e0 10 aules, 6 per als cursos m\u00e9s una de desdoblament, una de refor\u00e7, una aula espec\u00edfica i una d\u2019inform\u00e0tica. Tamb\u00e9 tindr\u00e0 biblioteca, magatzem i lavabos. Com a espais comuns hi haur\u00e0 gimn\u00e0s, vestidors, magatzem i un escenari. A m\u00e9s, espais de serveis i l\u2019espai reservat per a administraci\u00f3 del centre, consergeria i AMPA.<\/p>\n","protected":false},"excerpt":{"rendered":"<p>Forgas Atquitectes que van dissenyar l\u2019IES Cal Gravat de Manresa (2008) seran ara els responsables d\u2019idear la nova escola de Santpedor El Consell d\u2019infraestructures de la Generalitat de Catalunya ja ha adjudicat el projecte de la nova escola La Serreta de Santpedor. El contracte de serveis per a l\u2019assist\u00e8ncia t\u00e8cnica per a la redacci\u00f3 del [&hellip;]<\/p>\n","protected":false},"author":2,"featured_media":11131,"comment_status":"open","ping_status":"closed","sticky":false,"template":"","format":"standard","meta":{"footnotes":""},"categories":[3,137],"tags":[226,113],"class_list":{"0":"post-11130","1":"post","2":"type-post","3":"status-publish","4":"format-standard","5":"has-post-thumbnail","7":"category-noticies","8":"category-societat","9":"tag-la-serreta","10":"tag-santpedor"},"_links":{"self":[{"href":"https:\/\/santpedor.net\/radio\/wp-json\/wp\/v2\/posts\/11130","targetHints":{"allow":["GET"]}}],"collection":[{"href":"https:\/\/santpedor.net\/radio\/wp-json\/wp\/v2\/posts"}],"about":[{"href":"https:\/\/santpedor.net\/radio\/wp-json\/wp\/v2\/types\/post"}],"author":[{"embeddable":true,"href":"https:\/\/santpedor.net\/radio\/wp-json\/wp\/v2\/users\/2"}],"replies":[{"embeddable":true,"href":"https:\/\/santpedor.net\/radio\/wp-json\/wp\/v2\/comments?post=11130"}],"version-history":[{"count":0,"href":"https:\/\/santpedor.net\/radio\/wp-json\/wp\/v2\/posts\/11130\/revisions"}],"wp:featuredmedia":[{"embeddable":true,"href":"https:\/\/santpedor.net\/radio\/wp-json\/wp\/v2\/media\/11131"}],"wp:attachment":[{"href":"https:\/\/santpedor.net\/radio\/wp-json\/wp\/v2\/media?parent=11130"}],"wp:term":[{"taxonomy":"category","embeddable":true,"href":"https:\/\/santpedor.net\/radio\/wp-json\/wp\/v2\/categories?post=11130"},{"taxonomy":"post_tag","embeddable":true,"href":"https:\/\/santpedor.net\/radio\/wp-json\/wp\/v2\/tags?post=11130"}],"curies":[{"name":"wp","href":"https:\/\/api.w.org\/{rel}","templated":true}]}}