{"id":11139,"date":"2018-03-21T19:42:11","date_gmt":"2018-03-21T18:42:11","guid":{"rendered":"http:\/\/santpedor.net\/radio\/?p=11139"},"modified":"2018-03-21T19:48:03","modified_gmt":"2018-03-21T18:48:03","slug":"converteixen-la-macro-estelada-de-la-pujada-de-castellnou-de-bages-en-una-bandera-despanya","status":"publish","type":"post","link":"https:\/\/santpedor.net\/radio\/converteixen-la-macro-estelada-de-la-pujada-de-castellnou-de-bages-en-una-bandera-despanya\/","title":{"rendered":"Converteixen la macro estelada de la pujada de Castellnou de Bages en una bandera d&#8217;Espanya"},"content":{"rendered":"<h3>Ja s&#8217;ha convocat una trobada per recol\u00b7locar els 20.000 lla\u00e7os que la formaven per dissabte al mat\u00ed<\/h3>\n<p>Mirades de sorpresa en els conductors que aquest mat\u00ed enfilaven cap a Castellnou de Bages per la carretera que uneix aquest municipi amb Santpedor. La macro estelada que membres de Castellnou de Bages Decideix i Santpedor decideix van construir al novembre del 2010 a la paret de la muntanya, s&#8217;ha convertit en una bandera d&#8217;Espanya igualment gegant.<\/p>\n<p>Segons fonts de l&#8217;Ajuntament de Castellnou de Bages, aquest acte vand\u00e0lic s&#8217;ha produ\u00eft per un grup de desconeguts de fora del municipi entre mitjanit i les 7h. Amb tot, els col\u00b7lectius independentistes no es quedaran de bra\u00e7os plegats. Ja han convocat una trobada dissabte a les 10h per recol\u00b7locar els 20.000 lla\u00e7os de colors que conformaven la gran estelada de 240 metres quadrats.<\/p>\n<p>No \u00e9s la primera vegada que l&#8217;estelada de la carretera de Castellnou pateix atacs. Abans s&#8217;hi havia escrit a sobre &#8216;155&#8217; i tamb\u00e9 s&#8217;hi havia llen\u00e7at pintura en una ocasi\u00f3. A part, els qui han actuat aquesta matinada han tret els lla\u00e7os grocs que hi havia al llarg de la carretera.<\/p>\n","protected":false},"excerpt":{"rendered":"<p>Ja s&#8217;ha convocat una trobada per recol\u00b7locar els 20.000 lla\u00e7os que la formaven per dissabte al mat\u00ed Mirades de sorpresa en els conductors que aquest mat\u00ed enfilaven cap a Castellnou de Bages per la carretera que uneix aquest municipi amb Santpedor. La macro estelada que membres de Castellnou de Bages Decideix i Santpedor decideix van [&hellip;]<\/p>\n","protected":false},"author":6,"featured_media":11141,"comment_status":"open","ping_status":"closed","sticky":false,"template":"","format":"standard","meta":{"footnotes":""},"categories":[3,137],"tags":[29,207,113],"class_list":{"0":"post-11139","1":"post","2":"type-post","3":"status-publish","4":"format-standard","5":"has-post-thumbnail","7":"category-noticies","8":"category-societat","9":"tag-castellnou-de-bages","10":"tag-estelada","11":"tag-santpedor"},"_links":{"self":[{"href":"https:\/\/santpedor.net\/radio\/wp-json\/wp\/v2\/posts\/11139","targetHints":{"allow":["GET"]}}],"collection":[{"href":"https:\/\/santpedor.net\/radio\/wp-json\/wp\/v2\/posts"}],"about":[{"href":"https:\/\/santpedor.net\/radio\/wp-json\/wp\/v2\/types\/post"}],"author":[{"embeddable":true,"href":"https:\/\/santpedor.net\/radio\/wp-json\/wp\/v2\/users\/6"}],"replies":[{"embeddable":true,"href":"https:\/\/santpedor.net\/radio\/wp-json\/wp\/v2\/comments?post=11139"}],"version-history":[{"count":0,"href":"https:\/\/santpedor.net\/radio\/wp-json\/wp\/v2\/posts\/11139\/revisions"}],"wp:featuredmedia":[{"embeddable":true,"href":"https:\/\/santpedor.net\/radio\/wp-json\/wp\/v2\/media\/11141"}],"wp:attachment":[{"href":"https:\/\/santpedor.net\/radio\/wp-json\/wp\/v2\/media?parent=11139"}],"wp:term":[{"taxonomy":"category","embeddable":true,"href":"https:\/\/santpedor.net\/radio\/wp-json\/wp\/v2\/categories?post=11139"},{"taxonomy":"post_tag","embeddable":true,"href":"https:\/\/santpedor.net\/radio\/wp-json\/wp\/v2\/tags?post=11139"}],"curies":[{"name":"wp","href":"https:\/\/api.w.org\/{rel}","templated":true}]}}