{"id":11159,"date":"2018-04-02T16:29:27","date_gmt":"2018-04-02T14:29:27","guid":{"rendered":"http:\/\/santpedor.net\/radio\/?p=11159"},"modified":"2018-04-02T16:29:27","modified_gmt":"2018-04-02T14:29:27","slug":"tornen-a-atacar-lestelada-gegant-de-la-carretera-de-castellnou-de-bages","status":"publish","type":"post","link":"https:\/\/santpedor.net\/radio\/tornen-a-atacar-lestelada-gegant-de-la-carretera-de-castellnou-de-bages\/","title":{"rendered":"Tornen a atacar l&#8217;estelada gegant de la carretera de Castellnou de Bages"},"content":{"rendered":"<h3>Una vintena llarga de persones han intentat destruir a mitjanit l&#8217;estelada de la pujada de Castellnou. Aquest cop la policia ha arribat a temps per impedir-ho<\/h3>\n<p>Ni deu dies ha durat la macro estelada de la carretera que uneix Castellnou de Bages amb Santpedor. Una vintena llarga d&#8217;espanyolistes l&#8217;han atacat de nou aquesta matinada pels vols de la mitjanit. Un atac que arriba nom\u00e9s dues setmanes m\u00e9s tard que un grup de persones canvi\u00e9s les plaques de l&#8217;estelada perqu\u00e8 formessin una bandera d&#8217;Espanya el passat 21 de mar\u00e7. Aquest cop, per\u00f2, l&#8217;av\u00eds d&#8217;un conductor ha fet que la Policia Local de Santpedor es person\u00e9s al lloc dels fets i atur\u00e9s l&#8217;acte vand\u00e0lic, amb l&#8217;ajut dels Mossos d&#8217;Esquadra. D&#8217;aquesta manera, el grup unionista nom\u00e9s ha pogut desmuntar uns quants taulells de la part baixa de l&#8217;estelada.<\/p>\n<p>L&#8217;actitud provocadora i insultant dels assaltants ha obligat la policia a fer setze identificacions i denunciar un dels all\u00ed presents per haver condu\u00eft amb una taxa d&#8217;alcohol del 1,15%, m\u00e9s de 4 vegades per sobre del perm\u00e8s. Entres els identificats, figuren el president de Democracia y Unidad Espa\u00f1ola, el fals gu\u00e0rdia civil de Waterloo, Jaime Vizern, o un dels participants a l&#8217;agressi\u00f3 contra membres del CDR que penjaven cartells de la CUP al Pont de Vilomara, en la passada campanya electoral. La resta eren coneguts espanyolistes del Pont de Vilomara, Sant Salvador de Guardiola, Manresa i Castellbell i el Vilar, entre d&#8217;altres. Tots ells s&#8217;enfronten ara a possibles c\u00e0rrecs per assalt a propietat privada, ja que la paret muntanyosa on hi ha la macro estelada \u00e9s de propietat privada. La policia, per altra banda, va poder recuperar les plaques que ja havien estat arrencades del mural.<\/p>\n<p>Avui mateix, el CDR Santpedor ha fet una convocat\u00f2ria a les 17h juntament amb altres CDR de la comarca per refer de nou els panells que conformaven l&#8217;estelada gegant.<\/p>\n","protected":false},"excerpt":{"rendered":"<p>Una vintena llarga de persones han intentat destruir a mitjanit l&#8217;estelada de la pujada de Castellnou. Aquest cop la policia ha arribat a temps per impedir-ho Ni deu dies ha durat la macro estelada de la carretera que uneix Castellnou de Bages amb Santpedor. Una vintena llarga d&#8217;espanyolistes l&#8217;han atacat de nou aquesta matinada pels [&hellip;]<\/p>\n","protected":false},"author":2,"featured_media":11160,"comment_status":"open","ping_status":"closed","sticky":false,"template":"","format":"standard","meta":{"footnotes":""},"categories":[3,137],"tags":[29,207,113],"class_list":{"0":"post-11159","1":"post","2":"type-post","3":"status-publish","4":"format-standard","5":"has-post-thumbnail","7":"category-noticies","8":"category-societat","9":"tag-castellnou-de-bages","10":"tag-estelada","11":"tag-santpedor"},"_links":{"self":[{"href":"https:\/\/santpedor.net\/radio\/wp-json\/wp\/v2\/posts\/11159","targetHints":{"allow":["GET"]}}],"collection":[{"href":"https:\/\/santpedor.net\/radio\/wp-json\/wp\/v2\/posts"}],"about":[{"href":"https:\/\/santpedor.net\/radio\/wp-json\/wp\/v2\/types\/post"}],"author":[{"embeddable":true,"href":"https:\/\/santpedor.net\/radio\/wp-json\/wp\/v2\/users\/2"}],"replies":[{"embeddable":true,"href":"https:\/\/santpedor.net\/radio\/wp-json\/wp\/v2\/comments?post=11159"}],"version-history":[{"count":0,"href":"https:\/\/santpedor.net\/radio\/wp-json\/wp\/v2\/posts\/11159\/revisions"}],"wp:featuredmedia":[{"embeddable":true,"href":"https:\/\/santpedor.net\/radio\/wp-json\/wp\/v2\/media\/11160"}],"wp:attachment":[{"href":"https:\/\/santpedor.net\/radio\/wp-json\/wp\/v2\/media?parent=11159"}],"wp:term":[{"taxonomy":"category","embeddable":true,"href":"https:\/\/santpedor.net\/radio\/wp-json\/wp\/v2\/categories?post=11159"},{"taxonomy":"post_tag","embeddable":true,"href":"https:\/\/santpedor.net\/radio\/wp-json\/wp\/v2\/tags?post=11159"}],"curies":[{"name":"wp","href":"https:\/\/api.w.org\/{rel}","templated":true}]}}