{"id":11197,"date":"2018-04-17T12:37:00","date_gmt":"2018-04-17T10:37:00","guid":{"rendered":"http:\/\/santpedor.net\/radio\/?p=11197"},"modified":"2018-04-17T12:37:27","modified_gmt":"2018-04-17T10:37:27","slug":"als-castellers-de-santpedor-sels-atravessa-lactuacio-de-la-fira-de-navas","status":"publish","type":"post","link":"https:\/\/santpedor.net\/radio\/als-castellers-de-santpedor-sels-atravessa-lactuacio-de-la-fira-de-navas\/","title":{"rendered":"Als Castellers de Santpedor se\u2019ls atravessa l\u2019actuaci\u00f3 de la Fira de Nav\u00e0s"},"content":{"rendered":"<p>Una actuaci\u00f3 que havia de ser pl\u00e0cida amb construccions que els Castellers de Santpedor tenen m\u00e9s que assolits es va convertir en una de les m\u00e9s fluixes de les darreres dues temporades. L\u2019actuaci\u00f3 de la Fira de Nav\u00e0s va comen\u00e7ar amb un pilar de dol en mem\u00f2ria de la mare d\u2019un membre de la colla i un altre pilar de quatre d\u2019inici. L\u2019actuaci\u00f3 va comen\u00e7ar amb un quatre de sis molt ferm que en cap cas feia presagiar una mala tarda de la colla de la camisa daurada. A la segona ronda, van intentar un tres de sis amb agulla que es va allargar tant que els bagencs van decidir desmuntar-lo. A la ronda de repetici\u00f3, van intentar la mateixa estructura. Inesperadament, quan la canalla comen\u00e7ava a pujar va fer llenya. Una membre de la colla va ser evacuada en ambul\u00e0ncia per\u00f2 no va patir cap lesi\u00f3 greu. Va ser sobretot un acte de prevenci\u00f3. Els Castellers de Santpedor no van participar a la tercera ronda i van tancar l\u2019actuaci\u00f3 amb un altre pilar de quatre.<\/p>\n<p>L\u2019altra colla participants va ser els Castellers de Berga. Van descarregar el tres de set, el quatre de sis amb agulla, el quatre de sis, un pilar de quatre d\u2019entrada i dos de comiat.<\/p>\n<p>La propera actuaci\u00f3 dels Castellers de Santpedor ser\u00e0 el 29 d\u2019abril a Martorell on es trobaran amb els Castellers de Vilafranca i Castellers d\u2019Esparreguera. Ser\u00e0 una actuaci\u00f3 id\u00e8ntica a la de la temporada passada i tamb\u00e9 la que van fer aquesta mateixa temporada a Vilafranca del Pened\u00e8s.<\/p>\n","protected":false},"excerpt":{"rendered":"<p>Una actuaci\u00f3 que havia de ser pl\u00e0cida amb construccions que els Castellers de Santpedor tenen m\u00e9s que assolits es va convertir en una de les m\u00e9s fluixes de les darreres dues temporades. L\u2019actuaci\u00f3 de la Fira de Nav\u00e0s va comen\u00e7ar amb un pilar de dol en mem\u00f2ria de la mare d\u2019un membre de la colla [&hellip;]<\/p>\n","protected":false},"author":2,"featured_media":11198,"comment_status":"open","ping_status":"closed","sticky":false,"template":"","format":"standard","meta":{"footnotes":""},"categories":[236,3],"tags":[153,1095,113],"class_list":{"0":"post-11197","1":"post","2":"type-post","3":"status-publish","4":"format-standard","5":"has-post-thumbnail","7":"category-entitats-i-cultura","8":"category-noticies","9":"tag-castellers-de-santpedor","10":"tag-navas","11":"tag-santpedor"},"_links":{"self":[{"href":"https:\/\/santpedor.net\/radio\/wp-json\/wp\/v2\/posts\/11197","targetHints":{"allow":["GET"]}}],"collection":[{"href":"https:\/\/santpedor.net\/radio\/wp-json\/wp\/v2\/posts"}],"about":[{"href":"https:\/\/santpedor.net\/radio\/wp-json\/wp\/v2\/types\/post"}],"author":[{"embeddable":true,"href":"https:\/\/santpedor.net\/radio\/wp-json\/wp\/v2\/users\/2"}],"replies":[{"embeddable":true,"href":"https:\/\/santpedor.net\/radio\/wp-json\/wp\/v2\/comments?post=11197"}],"version-history":[{"count":0,"href":"https:\/\/santpedor.net\/radio\/wp-json\/wp\/v2\/posts\/11197\/revisions"}],"wp:featuredmedia":[{"embeddable":true,"href":"https:\/\/santpedor.net\/radio\/wp-json\/wp\/v2\/media\/11198"}],"wp:attachment":[{"href":"https:\/\/santpedor.net\/radio\/wp-json\/wp\/v2\/media?parent=11197"}],"wp:term":[{"taxonomy":"category","embeddable":true,"href":"https:\/\/santpedor.net\/radio\/wp-json\/wp\/v2\/categories?post=11197"},{"taxonomy":"post_tag","embeddable":true,"href":"https:\/\/santpedor.net\/radio\/wp-json\/wp\/v2\/tags?post=11197"}],"curies":[{"name":"wp","href":"https:\/\/api.w.org\/{rel}","templated":true}]}}