{"id":11243,"date":"2018-05-08T17:51:54","date_gmt":"2018-05-08T15:51:54","guid":{"rendered":"http:\/\/santpedor.net\/radio\/?p=11243"},"modified":"2018-05-08T17:51:54","modified_gmt":"2018-05-08T15:51:54","slug":"els-alumnes-de-5e-de-lescola-la-serreta-culminen-un-projecte-de-solidaritat-amb-els-refugiats","status":"publish","type":"post","link":"https:\/\/santpedor.net\/radio\/els-alumnes-de-5e-de-lescola-la-serreta-culminen-un-projecte-de-solidaritat-amb-els-refugiats\/","title":{"rendered":"Els alumnes de 5\u00e8 de l&#8217;escola la Serreta culminen un projecte de solidaritat amb els refugiats"},"content":{"rendered":"<h3>La classe dels Pit Roig de 5\u00e8 de prim\u00e0ria de l&#8217;escola La Serreta de Santpedor ha fet entrega avui de tres caixes de roba pels refugiats que acull la Fundaci\u00f3 Germ\u00e0 Tom\u00e0s Canet de Sant Joan de D\u00e9u<\/h3>\n<p>Fins a tres caixes plenes de roba d&#8217;esport i pijames \u00e9s el resultat que han presentat avui els alumnes de la classe Pit Roig de 5\u00e8 de prim\u00e0ria de l&#8217;escola La Serreta de Santpedor, en el marc del projecte #ourhomeisyourhome que ells mateixos han portat a terme durant l&#8217;\u00faltim trimestre a les classes d&#8217;angl\u00e8s. Una roba que va destinada a les fam\u00edlies que acull la Fundaci\u00f3 Germ\u00e0 Tom\u00e0s Canet &#8211; Llar de Sant Joan de D\u00e9u.<\/p>\n<p>Els vint-i-cinc alumnes de la classe han presentat el projecte en angl\u00e8s davant Ignasi Amat, representant de la Fundaci\u00f3 Germ\u00e0 Tom\u00e0s Canet, i Xavier Codina, alcalde de Santepdor, fent \u00fas dels &#8216;hashtags&#8217; (etiquetes per les xarxes socials) que han promocionat per la causa:<\/p>\n<audio class=\"wp-audio-shortcode\" id=\"audio-11243-1\" preload=\"none\" style=\"width: 100%;\" controls=\"controls\"><source type=\"audio\/mpeg\" src=\"http:\/\/onabages.cat\/wp-content\/uploads\/2018\/05\/AUDIO-trenethastag-SERRETA.mp3?_=1\" \/><a href=\"http:\/\/onabages.cat\/wp-content\/uploads\/2018\/05\/AUDIO-trenethastag-SERRETA.mp3\">http:\/\/onabages.cat\/wp-content\/uploads\/2018\/05\/AUDIO-trenethastag-SERRETA.mp3<\/a><\/audio>\n<p>Ignasi Amat ha recollit les caixes de roba i ha respost a totes les preguntes i dubtes dels nens sobre els refugiats i les seves circumst\u00e0ncies. Entre altres coses, ha explicat que a dia d&#8217;avui la fundaci\u00f3 acull 81 persones, de les quals la meitat s\u00f3n menors d&#8217;edat.<\/p>\n<p>La clau per solucionar al problema, assegura, \u00e9s &#8220;ser solidaris i fer un esfor\u00e7 per integrar la difer\u00e8ncia&#8221;, tal i com han fet els mateixos alumnes amb el seu projecte:<\/p>\n<audio class=\"wp-audio-shortcode\" id=\"audio-11243-2\" preload=\"none\" style=\"width: 100%;\" controls=\"controls\"><source type=\"audio\/mpeg\" src=\"http:\/\/santpedor.net\/radio\/wp-content\/uploads\/2018\/05\/AUDIO-Ignasi-SERRETA.mp3?_=2\" \/><a href=\"http:\/\/santpedor.net\/radio\/wp-content\/uploads\/2018\/05\/AUDIO-Ignasi-SERRETA.mp3\">http:\/\/santpedor.net\/radio\/wp-content\/uploads\/2018\/05\/AUDIO-Ignasi-SERRETA.mp3<\/a><\/audio>\n<p>L&#8217;alcalde, Xavier Codina, tamb\u00e9 present a l&#8217;acte, ha felicitat els infants i ha explicat que a Santpedor ja s&#8217;han ofert 21 fam\u00edlies per acollir persones en busca de refugi quan les institucions en permetin l&#8217;arribada. I ha destacat tamb\u00e9 que des de l&#8217;Ajuntament s&#8217;est\u00e0 preparant un pis per poder acollir una fam\u00edlia que busqui refugi:<\/p>\n<audio class=\"wp-audio-shortcode\" id=\"audio-11243-3\" preload=\"none\" style=\"width: 100%;\" controls=\"controls\"><source type=\"audio\/mpeg\" src=\"http:\/\/santpedor.net\/radio\/wp-content\/uploads\/2018\/05\/AUDIO-XCodina-SERRETA.mp3?_=3\" \/><a href=\"http:\/\/santpedor.net\/radio\/wp-content\/uploads\/2018\/05\/AUDIO-XCodina-SERRETA.mp3\">http:\/\/santpedor.net\/radio\/wp-content\/uploads\/2018\/05\/AUDIO-XCodina-SERRETA.mp3<\/a><\/audio>\n<p>Els nens, en acabar l&#8217;acte, han volgut explicar als micr\u00f2fons d&#8217;Ona Bages tot el qu\u00e8 han apr\u00e8s fent aquest projecte:<\/p>\n<audio class=\"wp-audio-shortcode\" id=\"audio-11243-4\" preload=\"none\" style=\"width: 100%;\" controls=\"controls\"><source type=\"audio\/mpeg\" src=\"http:\/\/santpedor.net\/radio\/wp-content\/uploads\/2018\/05\/AUDIO-Trenet-SERRETA.mp3?_=4\" \/><a href=\"http:\/\/santpedor.net\/radio\/wp-content\/uploads\/2018\/05\/AUDIO-Trenet-SERRETA.mp3\">http:\/\/santpedor.net\/radio\/wp-content\/uploads\/2018\/05\/AUDIO-Trenet-SERRETA.mp3<\/a><\/audio>\n<p>Tot i que l&#8217;actualitat ha posat els sirians a l&#8217;ull de l&#8217;atenci\u00f3 medi\u00e0tica per la seva migraci\u00f3 en massa cap a Europa en busca de refugi, el cert \u00e9s que no necess\u00e0riament \u00e9s necessari un conflicte armat perqu\u00e8 hi hagi persones que es vegin obligades a fugir del seu pa\u00eds en busca de refugi. La Fundaci\u00f3 Germ\u00e0 Tom\u00e0s Canet -Llars de Sant Joan de D\u00e9u acull persones de moltes i variades nacionalitats.<\/p>\n","protected":false},"excerpt":{"rendered":"<p>La classe dels Pit Roig de 5\u00e8 de prim\u00e0ria de l&#8217;escola La Serreta de Santpedor ha fet entrega avui de tres caixes de roba pels refugiats que acull la Fundaci\u00f3 Germ\u00e0 Tom\u00e0s Canet de Sant Joan de D\u00e9u Fins a tres caixes plenes de roba d&#8217;esport i pijames \u00e9s el resultat que han presentat avui [&hellip;]<\/p>\n","protected":false},"author":6,"featured_media":11244,"comment_status":"open","ping_status":"closed","sticky":false,"template":"","format":"standard","meta":{"footnotes":""},"categories":[3,137],"tags":[226,213,113],"class_list":{"0":"post-11243","1":"post","2":"type-post","3":"status-publish","4":"format-standard","5":"has-post-thumbnail","7":"category-noticies","8":"category-societat","9":"tag-la-serreta","10":"tag-refugiats","11":"tag-santpedor"},"_links":{"self":[{"href":"https:\/\/santpedor.net\/radio\/wp-json\/wp\/v2\/posts\/11243","targetHints":{"allow":["GET"]}}],"collection":[{"href":"https:\/\/santpedor.net\/radio\/wp-json\/wp\/v2\/posts"}],"about":[{"href":"https:\/\/santpedor.net\/radio\/wp-json\/wp\/v2\/types\/post"}],"author":[{"embeddable":true,"href":"https:\/\/santpedor.net\/radio\/wp-json\/wp\/v2\/users\/6"}],"replies":[{"embeddable":true,"href":"https:\/\/santpedor.net\/radio\/wp-json\/wp\/v2\/comments?post=11243"}],"version-history":[{"count":0,"href":"https:\/\/santpedor.net\/radio\/wp-json\/wp\/v2\/posts\/11243\/revisions"}],"wp:featuredmedia":[{"embeddable":true,"href":"https:\/\/santpedor.net\/radio\/wp-json\/wp\/v2\/media\/11244"}],"wp:attachment":[{"href":"https:\/\/santpedor.net\/radio\/wp-json\/wp\/v2\/media?parent=11243"}],"wp:term":[{"taxonomy":"category","embeddable":true,"href":"https:\/\/santpedor.net\/radio\/wp-json\/wp\/v2\/categories?post=11243"},{"taxonomy":"post_tag","embeddable":true,"href":"https:\/\/santpedor.net\/radio\/wp-json\/wp\/v2\/tags?post=11243"}],"curies":[{"name":"wp","href":"https:\/\/api.w.org\/{rel}","templated":true}]}}