{"id":11261,"date":"2018-05-13T18:45:15","date_gmt":"2018-05-13T16:45:15","guid":{"rendered":"http:\/\/santpedor.net\/radio\/?p=11261"},"modified":"2018-05-13T18:45:15","modified_gmt":"2018-05-13T16:45:15","slug":"els-castellers-de-santpedor-es-segueixen-rodant-per-a-les-cites-importants","status":"publish","type":"post","link":"https:\/\/santpedor.net\/radio\/els-castellers-de-santpedor-es-segueixen-rodant-per-a-les-cites-importants\/","title":{"rendered":"Els Castellers de Santpedor es segueixen rodant per a les cites importants"},"content":{"rendered":"<p>Els Castellers de Santpedor van superar amb bona nota la seva actuaci\u00f3 a la trobada de Colles del Bages. Va ser una actuaci\u00f3 amb castells totalment dominats i per seguir-se rodant de cara a unes properes actuacions que seran importants. La propera actuaci\u00f3 a Montcada i Reixac no ser\u00e0 de transici\u00f3 sin\u00f3 que ser\u00e0 el darrer test abans de l\u2019aniversari del bateig que es far\u00e0 a Santpedor el proper 2 de juny.<\/p>\n<p>La quarta edici\u00f3 de la trobada de Colles del Bages es va celebrar a Art\u00e9s. La pluja va ser una amena\u00e7a constant. De fet, l\u2019actuaci\u00f3 va comen\u00e7ar dins l\u2019esgl\u00e9sia on van fer les primers construccions Picapolls de la Gavarresa, Tirallongues de Manresa i Salats de S\u00faria. Quan tocava els Castellers de Santpedor es va traslladar l\u2019actuaci\u00f3 a l\u2019exterior i tret d\u2019algunes petites gotes el temps va respectar la resta de la diada. La colla de la camisa daurada va descarregar el primer cinc de sis de la temporada, el quatre de sis amb agulla i el tres de sis amb agulla. Van ser tres castells amb bones mides, molt s\u00f2lids i que es van descarregar amb m\u00e9s rapidesa que en actuacions anteriors. Un pilar de quatre d\u2019entrada i un altre de comiat van tancar un bona actuaci\u00f3.<\/p>\n<p>Pel qu\u00e8 fa a la resta de colles, els Picapolls de la Gavarresa i els Salats de S\u00faria van oferir castells de sis pisos i els Tirallongues de Manresa de set.<\/p>\n<p>La propera actuaci\u00f3 dels Castellers de Santpedor ser\u00e0 el proper diumenge a Montcada i Reixac.<\/p>\n","protected":false},"excerpt":{"rendered":"<p>Els Castellers de Santpedor van superar amb bona nota la seva actuaci\u00f3 a la trobada de Colles del Bages. Va ser una actuaci\u00f3 amb castells totalment dominats i per seguir-se rodant de cara a unes properes actuacions que seran importants. La propera actuaci\u00f3 a Montcada i Reixac no ser\u00e0 de transici\u00f3 sin\u00f3 que ser\u00e0 el [&hellip;]<\/p>\n","protected":false},"author":2,"featured_media":11262,"comment_status":"open","ping_status":"closed","sticky":false,"template":"","format":"standard","meta":{"footnotes":""},"categories":[3,137],"tags":[153,113],"class_list":{"0":"post-11261","1":"post","2":"type-post","3":"status-publish","4":"format-standard","5":"has-post-thumbnail","7":"category-noticies","8":"category-societat","9":"tag-castellers-de-santpedor","10":"tag-santpedor"},"_links":{"self":[{"href":"https:\/\/santpedor.net\/radio\/wp-json\/wp\/v2\/posts\/11261","targetHints":{"allow":["GET"]}}],"collection":[{"href":"https:\/\/santpedor.net\/radio\/wp-json\/wp\/v2\/posts"}],"about":[{"href":"https:\/\/santpedor.net\/radio\/wp-json\/wp\/v2\/types\/post"}],"author":[{"embeddable":true,"href":"https:\/\/santpedor.net\/radio\/wp-json\/wp\/v2\/users\/2"}],"replies":[{"embeddable":true,"href":"https:\/\/santpedor.net\/radio\/wp-json\/wp\/v2\/comments?post=11261"}],"version-history":[{"count":0,"href":"https:\/\/santpedor.net\/radio\/wp-json\/wp\/v2\/posts\/11261\/revisions"}],"wp:featuredmedia":[{"embeddable":true,"href":"https:\/\/santpedor.net\/radio\/wp-json\/wp\/v2\/media\/11262"}],"wp:attachment":[{"href":"https:\/\/santpedor.net\/radio\/wp-json\/wp\/v2\/media?parent=11261"}],"wp:term":[{"taxonomy":"category","embeddable":true,"href":"https:\/\/santpedor.net\/radio\/wp-json\/wp\/v2\/categories?post=11261"},{"taxonomy":"post_tag","embeddable":true,"href":"https:\/\/santpedor.net\/radio\/wp-json\/wp\/v2\/tags?post=11261"}],"curies":[{"name":"wp","href":"https:\/\/api.w.org\/{rel}","templated":true}]}}