{"id":11271,"date":"2018-05-17T16:58:34","date_gmt":"2018-05-17T14:58:34","guid":{"rendered":"http:\/\/santpedor.net\/radio\/?p=11271"},"modified":"2018-05-17T16:58:34","modified_gmt":"2018-05-17T14:58:34","slug":"alumnes-de-6e-de-lescola-la-serreta-de-santpedor-organitzen-una-trobada-dimatgeria-escolar","status":"publish","type":"post","link":"https:\/\/santpedor.net\/radio\/alumnes-de-6e-de-lescola-la-serreta-de-santpedor-organitzen-una-trobada-dimatgeria-escolar\/","title":{"rendered":"Alumnes de 6\u00e8 de l&#8217;escola La Serreta de Santpedor organitzen una trobada d&#8217;imatgeria escolar"},"content":{"rendered":"<p>Els alumnes de 6\u00e8 de l&#8217;escola La Serreta de Santpedor han dut a terme un projecte que ha consistit en organitzar i gestionar una trobada d&#8217;imatgeria escolar que es dur\u00e0 a terme aquest diumenge 20 de maig a partir de les 10 del mat\u00ed a Santpedor. Tot i que els alumnes s&#8217;han ocupat de bona part de l&#8217;organitzaci\u00f3 de l&#8217;esdeveniment, han comptat amb l&#8217;ajuda de la comissi\u00f3 de festes de l&#8217;AMPA de La Serreta.<\/p>\n<p>A m\u00e9s de la Serreta, a la trobada d&#8217;imatgeria hi participaran l&#8217;escola Riu d&#8217;Or de Santpedor, i les escoles La Salle i La S\u00e8quia de Manresa. La trobada consistir\u00e0 en una plantada de la imatgeria al pati de l&#8217;escola, una cercavila fins a la pla\u00e7a de l&#8217;ajuntament i una ballada de tots els gegants, dracs i nans a la mateixa pla\u00e7a.<\/p>\n<p>La imatgeria s\u00f3n figures en tres dimensions creades pels alumnes a base de paper, cartrons, i dem\u00e9s material; com \u00e9s el cas dels populars gegants. En el cas de la Serreta, compten amb un drac i una gegantona.<\/p>\n","protected":false},"excerpt":{"rendered":"<p>Els alumnes de 6\u00e8 de l&#8217;escola La Serreta de Santpedor han dut a terme un projecte que ha consistit en organitzar i gestionar una trobada d&#8217;imatgeria escolar que es dur\u00e0 a terme aquest diumenge 20 de maig a partir de les 10 del mat\u00ed a Santpedor. Tot i que els alumnes s&#8217;han ocupat de bona [&hellip;]<\/p>\n","protected":false},"author":2,"featured_media":11272,"comment_status":"open","ping_status":"closed","sticky":false,"template":"","format":"standard","meta":{"footnotes":""},"categories":[3,137],"tags":[1107,226,113],"class_list":{"0":"post-11271","1":"post","2":"type-post","3":"status-publish","4":"format-standard","5":"has-post-thumbnail","7":"category-noticies","8":"category-societat","9":"tag-imatgeria","10":"tag-la-serreta","11":"tag-santpedor"},"_links":{"self":[{"href":"https:\/\/santpedor.net\/radio\/wp-json\/wp\/v2\/posts\/11271","targetHints":{"allow":["GET"]}}],"collection":[{"href":"https:\/\/santpedor.net\/radio\/wp-json\/wp\/v2\/posts"}],"about":[{"href":"https:\/\/santpedor.net\/radio\/wp-json\/wp\/v2\/types\/post"}],"author":[{"embeddable":true,"href":"https:\/\/santpedor.net\/radio\/wp-json\/wp\/v2\/users\/2"}],"replies":[{"embeddable":true,"href":"https:\/\/santpedor.net\/radio\/wp-json\/wp\/v2\/comments?post=11271"}],"version-history":[{"count":0,"href":"https:\/\/santpedor.net\/radio\/wp-json\/wp\/v2\/posts\/11271\/revisions"}],"wp:featuredmedia":[{"embeddable":true,"href":"https:\/\/santpedor.net\/radio\/wp-json\/wp\/v2\/media\/11272"}],"wp:attachment":[{"href":"https:\/\/santpedor.net\/radio\/wp-json\/wp\/v2\/media?parent=11271"}],"wp:term":[{"taxonomy":"category","embeddable":true,"href":"https:\/\/santpedor.net\/radio\/wp-json\/wp\/v2\/categories?post=11271"},{"taxonomy":"post_tag","embeddable":true,"href":"https:\/\/santpedor.net\/radio\/wp-json\/wp\/v2\/tags?post=11271"}],"curies":[{"name":"wp","href":"https:\/\/api.w.org\/{rel}","templated":true}]}}