{"id":11302,"date":"2018-05-30T12:51:34","date_gmt":"2018-05-30T10:51:34","guid":{"rendered":"http:\/\/santpedor.net\/radio\/?p=11302"},"modified":"2018-05-30T12:54:40","modified_gmt":"2018-05-30T10:54:40","slug":"sacosta-la-festa-major-de-santpedor-amb-mes-penyes-que-mai","status":"publish","type":"post","link":"https:\/\/santpedor.net\/radio\/sacosta-la-festa-major-de-santpedor-amb-mes-penyes-que-mai\/","title":{"rendered":"S&#8217;acosta la Festa Major de Santpedor amb m\u00e9s penyes que mai"},"content":{"rendered":"<h3>En 10 dies torna la Festa Major de Santpedor, que les penyes allargaran un dia m\u00e9s amb dinar de trinxats i m\u00fasica al camp de futbol<\/h3>\n<p>Sembla que fos ahir per\u00f2 ja ha passat gaireb\u00e9 un any de la Festa Major de Santpedor 2017. Nom\u00e9s queden 10 dies per tornar a estar entre carpes al camp de futbol, txarangues, concerts, i activitats de tot tipus pel poble.<\/p>\n<p>Aquest any, les penyes batran de nou un r\u00e8cord. Fins a 56 colles s&#8217;han inscrit al registre de penyes per gaudir de la festa, 3 m\u00e9s que l&#8217;any passat. A m\u00e9s, des de la Comissi\u00f3 de Penyes s&#8217;ha decidit allargar un dia la Festa Major al recinte de penyes, que un any m\u00e9s ser\u00e0 al camp de futbol vell del Llissach. De manera que aquest any el dilluns encara no es desmuntaran les carpes -es far\u00e0 a partir de dimarts-, i enlloc d&#8217;aix\u00f2 es far\u00e0 un dinar de &#8216;trinxats&#8217; i m\u00fasica a la tarda.<\/p>\n<p>El tret de sortida, com en els \u00faltims cinc anys, ser\u00e0 dijous al vespre amb l&#8217;Empartxada, a la pla\u00e7a Catalunya. Aquest any amb la m\u00fasica de S\u00e9ptimo A. Abans per\u00f2, es far\u00e0 botifarrada, correfoc amb els Bous de Foc, passi del v\u00eddeo promocional de la Festa Major 2018 i assaig general del flashmob que les penyes posaran en escena divendres al preg\u00f3. Tamb\u00e9 com a novetat, aquest any s&#8217;ha posat a la venda el &#8216;pack de Festa Major&#8217; per 14\u20ac<\/p>\n<p>D&#8217;altra banda, i com a pr\u00e8via de tot plegat, la Comissi\u00f3 de Penyes organitza per tercer any el Cagarruc, amb un premi de 1.000 euros pel guanyador. Ser\u00e0 diumenge 3 de juny al mat\u00ed al camp de futbol vell, on enguany hi haur\u00e0 tamb\u00e9 inflables pels infants. Just a l&#8217;esplanada del costat, en paral\u00b7lel, el Centre Excursionista 2&#215;2 organitzar\u00e0 el 3er Llan\u00e7ament Internacional de M\u00f2bils.<\/p>\n","protected":false},"excerpt":{"rendered":"<p>En 10 dies torna la Festa Major de Santpedor, que les penyes allargaran un dia m\u00e9s amb dinar de trinxats i m\u00fasica al camp de futbol Sembla que fos ahir per\u00f2 ja ha passat gaireb\u00e9 un any de la Festa Major de Santpedor 2017. Nom\u00e9s queden 10 dies per tornar a estar entre carpes al [&hellip;]<\/p>\n","protected":false},"author":2,"featured_media":11303,"comment_status":"open","ping_status":"closed","sticky":false,"template":"","format":"standard","meta":{"footnotes":""},"categories":[3,137],"tags":[874,470,55,148,113],"class_list":{"0":"post-11302","1":"post","2":"type-post","3":"status-publish","4":"format-standard","5":"has-post-thumbnail","7":"category-noticies","8":"category-societat","9":"tag-cagarruc","10":"tag-empartxada","11":"tag-festa-major","12":"tag-penyes","13":"tag-santpedor"},"_links":{"self":[{"href":"https:\/\/santpedor.net\/radio\/wp-json\/wp\/v2\/posts\/11302","targetHints":{"allow":["GET"]}}],"collection":[{"href":"https:\/\/santpedor.net\/radio\/wp-json\/wp\/v2\/posts"}],"about":[{"href":"https:\/\/santpedor.net\/radio\/wp-json\/wp\/v2\/types\/post"}],"author":[{"embeddable":true,"href":"https:\/\/santpedor.net\/radio\/wp-json\/wp\/v2\/users\/2"}],"replies":[{"embeddable":true,"href":"https:\/\/santpedor.net\/radio\/wp-json\/wp\/v2\/comments?post=11302"}],"version-history":[{"count":0,"href":"https:\/\/santpedor.net\/radio\/wp-json\/wp\/v2\/posts\/11302\/revisions"}],"wp:featuredmedia":[{"embeddable":true,"href":"https:\/\/santpedor.net\/radio\/wp-json\/wp\/v2\/media\/11303"}],"wp:attachment":[{"href":"https:\/\/santpedor.net\/radio\/wp-json\/wp\/v2\/media?parent=11302"}],"wp:term":[{"taxonomy":"category","embeddable":true,"href":"https:\/\/santpedor.net\/radio\/wp-json\/wp\/v2\/categories?post=11302"},{"taxonomy":"post_tag","embeddable":true,"href":"https:\/\/santpedor.net\/radio\/wp-json\/wp\/v2\/tags?post=11302"}],"curies":[{"name":"wp","href":"https:\/\/api.w.org\/{rel}","templated":true}]}}