{"id":11334,"date":"2018-06-08T11:50:24","date_gmt":"2018-06-08T09:50:24","guid":{"rendered":"http:\/\/santpedor.net\/radio\/?p=11334"},"modified":"2018-06-08T11:50:24","modified_gmt":"2018-06-08T09:50:24","slug":"els-bous-de-foc-i-la-musica-de-septimo-a-donen-el-tret-de-sortida-a-la-festa-major-de-santpedor","status":"publish","type":"post","link":"https:\/\/santpedor.net\/radio\/els-bous-de-foc-i-la-musica-de-septimo-a-donen-el-tret-de-sortida-a-la-festa-major-de-santpedor\/","title":{"rendered":"Els Bous de Foc i la m\u00fasica de S\u00e9ptimo A donen el tret de sortida a la Festa Major de Santpedor"},"content":{"rendered":"<p>L&#8217;Empartxada va obrir ahir a la nit la Festa Major de Santpedor 2018. Aquesta &#8216;pr\u00e8via&#8217; creada ara fa cinc anys com a avantsala dels actes oficials de la Festa Major ha calat entre els santpedorencs. M\u00e9s de 200 persones eren ahir a la pla\u00e7a Catalunya on van sopar botifarra o truita de patates (els qui havien elegit men\u00fa vegetari\u00e0, novetat d&#8217;enguany). Amb la panxa plena, i la majoria d&#8217;ells abillats amb el got i el posa-gots que s&#8217;inclo\u00efa en el &#8216;pack fm&#8217; que la Comissi\u00f3 repartia aquest any (una altra novetat), la gent es va congregar als voltants de la pla\u00e7a per deixar pas als Bous de Foc, que van inundar d&#8217;espurnes, foc i petards tota la pla\u00e7a, mentre alguns valents s&#8217;hi endinsaven. Molts ni tan sols anaven amb roba texana o amb la pell coberta. A uns pocs fins i tot se&#8217;ls veia dansar sota la pluja de foc amb el vas ple a la m\u00e0. Santpedor \u00e9s un altre m\u00f3n tamb\u00e9 per coses aix\u00ed.<\/p>\n<p>Un cop va acabar el correfoc, va ser l&#8217;hora de l&#8217;assaig general del flashmob que les penyes faran avui a la pla\u00e7a Gran, despr\u00e9s del preg\u00f3. Un assaig breu que va donar pas a l&#8217;actuaci\u00f3 de S\u00e9ptimo A, que es va llargar fins gaireb\u00e9 la una de la matinada. <\/p>\n","protected":false},"excerpt":{"rendered":"<p>L&#8217;Empartxada va obrir ahir a la nit la Festa Major de Santpedor 2018. Aquesta &#8216;pr\u00e8via&#8217; creada ara fa cinc anys com a avantsala dels actes oficials de la Festa Major ha calat entre els santpedorencs. M\u00e9s de 200 persones eren ahir a la pla\u00e7a Catalunya on van sopar botifarra o truita de patates (els qui [&hellip;]<\/p>\n","protected":false},"author":2,"featured_media":11335,"comment_status":"open","ping_status":"closed","sticky":false,"template":"","format":"standard","meta":{"footnotes":""},"categories":[1],"tags":[262,543,470,55,113],"class_list":{"0":"post-11334","1":"post","2":"type-post","3":"status-publish","4":"format-standard","5":"has-post-thumbnail","7":"category-general","8":"tag-bous-de-foc","9":"tag-correfoc","10":"tag-empartxada","11":"tag-festa-major","12":"tag-santpedor"},"_links":{"self":[{"href":"https:\/\/santpedor.net\/radio\/wp-json\/wp\/v2\/posts\/11334","targetHints":{"allow":["GET"]}}],"collection":[{"href":"https:\/\/santpedor.net\/radio\/wp-json\/wp\/v2\/posts"}],"about":[{"href":"https:\/\/santpedor.net\/radio\/wp-json\/wp\/v2\/types\/post"}],"author":[{"embeddable":true,"href":"https:\/\/santpedor.net\/radio\/wp-json\/wp\/v2\/users\/2"}],"replies":[{"embeddable":true,"href":"https:\/\/santpedor.net\/radio\/wp-json\/wp\/v2\/comments?post=11334"}],"version-history":[{"count":0,"href":"https:\/\/santpedor.net\/radio\/wp-json\/wp\/v2\/posts\/11334\/revisions"}],"wp:featuredmedia":[{"embeddable":true,"href":"https:\/\/santpedor.net\/radio\/wp-json\/wp\/v2\/media\/11335"}],"wp:attachment":[{"href":"https:\/\/santpedor.net\/radio\/wp-json\/wp\/v2\/media?parent=11334"}],"wp:term":[{"taxonomy":"category","embeddable":true,"href":"https:\/\/santpedor.net\/radio\/wp-json\/wp\/v2\/categories?post=11334"},{"taxonomy":"post_tag","embeddable":true,"href":"https:\/\/santpedor.net\/radio\/wp-json\/wp\/v2\/tags?post=11334"}],"curies":[{"name":"wp","href":"https:\/\/api.w.org\/{rel}","templated":true}]}}