{"id":11342,"date":"2018-06-13T17:18:21","date_gmt":"2018-06-13T15:18:21","guid":{"rendered":"http:\/\/santpedor.net\/radio\/?p=11342"},"modified":"2018-06-13T17:19:31","modified_gmt":"2018-06-13T15:19:31","slug":"albert-davins-es-el-nou-director-de-radio-santpedor","status":"publish","type":"post","link":"https:\/\/santpedor.net\/radio\/albert-davins-es-el-nou-director-de-radio-santpedor\/","title":{"rendered":"Albert Davins \u00e9s el nou director de R\u00e0dio Santpedor"},"content":{"rendered":"<h3>EL ple municipal de Santpedor va nomenar ahir de forma un\u00e0nime a Albert Davins com a nou director de R\u00e0dio Santpedor<\/h3>\n<p>Albert Davins ja \u00e9s oficialment el nou director de R\u00e0dio Santpedor. Ho ser\u00e0 els propers cinc anys. Aix\u00ed es va votar de forma un\u00e0nime ahir en el ple municipal. El seu nom venia avalat tan per la regidoria de comunicaci\u00f3, com pel consell de comunicaci\u00f3 municipal com pels propis membres de la r\u00e0dio. La seva arribada es produeix despr\u00e9s de la ren\u00fancia de l&#8217;anterior directora, Marta Berna, a qui per projecte professional li era incompatible seguir amb el c\u00e0rrec.<\/p>\n<p>Albert Davins, de 38 anys, \u00e9s bi\u00f2leg de formaci\u00f3 i treballa a l&#8217;institut de recerca de la Vall d&#8217;Hebron. Acumula 24 anys d&#8217;experi\u00e8ncia a R\u00e0dio Santpedor on ha col\u00b7laborat en multitud de programes i on exercia fins ara de cap de programaci\u00f3 i tamb\u00e9 d&#8217;encarregat t\u00e8cnic de l&#8217;emissora.<\/p>\n<p>El regidor de Comunicaci\u00f3, Toni Valverde, va destacar la idone\u00eftat del nou director per ocupar el c\u00e0rrec just abans de la votaci\u00f3 al ple:<\/p>\n<audio class=\"wp-audio-shortcode\" id=\"audio-11342-1\" preload=\"none\" style=\"width: 100%;\" controls=\"controls\"><source type=\"audio\/mpeg\" src=\"http:\/\/santpedor.net\/radio\/wp-content\/uploads\/2018\/06\/AUDIO-TValverde-ADAVINS.mp3?_=1\" \/><a href=\"http:\/\/santpedor.net\/radio\/wp-content\/uploads\/2018\/06\/AUDIO-TValverde-ADAVINS.mp3\">http:\/\/santpedor.net\/radio\/wp-content\/uploads\/2018\/06\/AUDIO-TValverde-ADAVINS.mp3<\/a><\/audio>\n<p>El nomenament d&#8217;Albert Davins com a nou director de R\u00e0dio Santpedor arriba en un moment clau per la r\u00e0dio, que en poques setmanes inaugurar\u00e0 unes noves i modernes instal\u00b7lacions a la Nau. Un equipament que tant l&#8217;associaci\u00f3 com l&#8217;Ajuntament volen aprofitar per rellan\u00e7ar de nou la r\u00e0dio i atreure-hi les entitats i el teixit social del poble. Aix\u00ed com per fer un salt qualitatiu en continguts i funcionament.<\/p>\n","protected":false},"excerpt":{"rendered":"<p>EL ple municipal de Santpedor va nomenar ahir de forma un\u00e0nime a Albert Davins com a nou director de R\u00e0dio Santpedor Albert Davins ja \u00e9s oficialment el nou director de R\u00e0dio Santpedor. Ho ser\u00e0 els propers cinc anys. Aix\u00ed es va votar de forma un\u00e0nime ahir en el ple municipal. El seu nom venia avalat [&hellip;]<\/p>\n","protected":false},"author":6,"featured_media":11344,"comment_status":"open","ping_status":"closed","sticky":false,"template":"","format":"standard","meta":{"footnotes":""},"categories":[3,137],"tags":[1125,39,113],"class_list":{"0":"post-11342","1":"post","2":"type-post","3":"status-publish","4":"format-standard","5":"has-post-thumbnail","7":"category-noticies","8":"category-societat","9":"tag-albert-davins","10":"tag-radio-santpedor","11":"tag-santpedor"},"_links":{"self":[{"href":"https:\/\/santpedor.net\/radio\/wp-json\/wp\/v2\/posts\/11342","targetHints":{"allow":["GET"]}}],"collection":[{"href":"https:\/\/santpedor.net\/radio\/wp-json\/wp\/v2\/posts"}],"about":[{"href":"https:\/\/santpedor.net\/radio\/wp-json\/wp\/v2\/types\/post"}],"author":[{"embeddable":true,"href":"https:\/\/santpedor.net\/radio\/wp-json\/wp\/v2\/users\/6"}],"replies":[{"embeddable":true,"href":"https:\/\/santpedor.net\/radio\/wp-json\/wp\/v2\/comments?post=11342"}],"version-history":[{"count":0,"href":"https:\/\/santpedor.net\/radio\/wp-json\/wp\/v2\/posts\/11342\/revisions"}],"wp:featuredmedia":[{"embeddable":true,"href":"https:\/\/santpedor.net\/radio\/wp-json\/wp\/v2\/media\/11344"}],"wp:attachment":[{"href":"https:\/\/santpedor.net\/radio\/wp-json\/wp\/v2\/media?parent=11342"}],"wp:term":[{"taxonomy":"category","embeddable":true,"href":"https:\/\/santpedor.net\/radio\/wp-json\/wp\/v2\/categories?post=11342"},{"taxonomy":"post_tag","embeddable":true,"href":"https:\/\/santpedor.net\/radio\/wp-json\/wp\/v2\/tags?post=11342"}],"curies":[{"name":"wp","href":"https:\/\/api.w.org\/{rel}","templated":true}]}}