{"id":11508,"date":"2018-09-18T13:14:20","date_gmt":"2018-09-18T11:14:20","guid":{"rendered":"http:\/\/santpedor.net\/radio\/?p=11508"},"modified":"2018-09-18T13:14:20","modified_gmt":"2018-09-18T11:14:20","slug":"arriba-la-fira-de-sant-miquel-de-santpedor-amb-mes-musica-i-art","status":"publish","type":"post","link":"https:\/\/santpedor.net\/radio\/arriba-la-fira-de-sant-miquel-de-santpedor-amb-mes-musica-i-art\/","title":{"rendered":"Arriba la Fira de Sant Miquel de Santpedor amb m\u00e9s m\u00fasica i art"},"content":{"rendered":"<h3>Activitats i propostes per tots els gustos per una Fira de Sant Miquel que creix any rere any i es consolida com un referent a la comarca<\/h3>\n<p>Amb l&#8217;arribada de la tardor torna una de les cites de refer\u00e8ncia pel comer\u00e7 ecol\u00f2gic i de proximitat: la Fira de Sant Miquel, a Santpedor. Una fira que enguany dobla l&#8217;aposta per la m\u00fasica i l&#8217;art, per complementar les tradicionals parades de tot tipus de productes que es concentren al nucli antic del municipi. Aix\u00ed, aquest any hi haur\u00e0 m\u00e9s espais, m\u00e9s propostes i m\u00e9s cultura per la fira a Santpedor.<\/p>\n<p>El dia de refer\u00e8ncia de la fira ser\u00e0 el proper diumenge 30 de setembre. El nucli antic del poble s&#8217;omplir\u00e0 de parades de de tot tipus, amb clara prefer\u00e8ncia pels estands de productes ecol\u00f2gics i\/o de proximitat. A banda de l&#8217;aspecte comercial, hi haur\u00e0 moltes m\u00e9s propostes de caire cultural escampades pel poble. Pel qu\u00e8 fa a l&#8217;art, hi haur\u00e0 l&#8217;exposici\u00f3 VI_suals18, que s&#8217;inaugurar\u00e0 divendres 28 a les 20h, a l&#8217;Auditori Convent de Sant Francesc. Una mostra que fusionar\u00e0 l&#8217;art i el vi, amb la col\u00b7laboraci\u00f3 del SAC (Santpedor Art i Creaci\u00f3), l&#8217;Ajuntament, i la DO Pla de Bages. Diumenge es podr\u00e0 visitar al mat\u00ed (de 10h a 13h) i a la tarda (de 16h a 19h). Tamb\u00e9 hi haur\u00e0 una exposici\u00f3 de cer\u00e0mica i de pintures del Concurs de Pintur R\u00e0pida que organitza l&#8217;entitat Ress\u00f2, a la Capella de Sant Andreu, durant tot el diumenge. Aix\u00ed com l&#8217;exposici\u00f3 &#8216;El cartellisme a la Coral Escriny'(dissabte 29 tarda i diumenge 30 mat\u00ed i tarda), que repassa els 50 anys de vida de l&#8217;entitat, al local social de la coral, al carrer Sant Antoni.<\/p>\n<p>Per altra banda, divendres a les 19h, i dissabte i diumenge a les 11h, es far\u00e0 el Vermusic a La Nau, una combinaci\u00f3 \u00fanica de bona m\u00fasica i propostes gastron\u00f2miques que faran foodtrucks. Tots tres dies a la nit hi haur\u00e0 m\u00fasica a c\u00e0rrec de grups com The Chain Smokers Band, Entre d&#8217;Altres, o Smooth Band. A m\u00e9s, tamb\u00e9 hi haur\u00e0 servei de bar amb acompanyament musical al Born. I degustaci\u00f3 de tapes i vins ecol\u00f2gics al carrer Ample, a c\u00e0rrec d&#8217;EL Graner i el Terrer. Els infants tamb\u00e9 tindran un espai dedicat a ells. Ser\u00e0 al carrer Passeig, on hi haur\u00e0 una mercat infantil, animaci\u00f3 infantil amb titelles i actuacions, i tallers per fer jocs amb material reciclat.<\/p>\n<p>La setmana pr\u00e8via al cap de setmana de la fira tamb\u00e9 s&#8217;han organitzat diferents activitats per anar escalfant motors. Diumenge 23 de setembre concurs de pintura r\u00e0pida de 8h a 15h a la Capella de Sant Andreu. Dilluns xerrada sobre salut i \u00fas d&#8217;antibi\u00f2tics (a les 19h) a la Capella amb Doctora Cases del CAP Santpedor. Dimarts a les 19h taller de cosm\u00e8tica natural al Born. Dimecres taula rodona sobre consum responsable (a les 19h) tamb\u00e9 a la Capella de Sant Andreu. I dijous portes obertes (a partir de les 19H) a La Nau per mostrar les noves instal\u00b7lacions de R\u00e0dio Santpedor.<\/p>\n<p>Amb tot, el gruix d&#8217;activitats es concentrar\u00e0 el cap de setmana del 28 al 30 de setembre. Activitats com el Campionat de Petanca amb persones discapacitades (a les 9h), el taller de Tataki-Zom\u00e9 (a les 10h a la Nau), i la carretillada infantil m\u00e9s correfoc (a les 21h a la Pla\u00e7a Gran), amenitzaran tot el dia de dissabte, que coronaran els Strombers amb un concert a mitjanit a Cal Llovet. Tamb\u00e9 hi actuaran els guanyadors del Concurs de M\u00fasica Jove i un DJ.<\/p>\n<p>El dia de la fira comen\u00e7ar\u00e0 amb la tradicional caminada (a les 8h) de 15km pels corriols de la Hivernal del Bages. Tamb\u00e9 hi haur\u00e0 el XI Concurs de M\u00fasics al carrer, la IX Trobada d&#8217;Intercanvi de Plaques de Cava (de 9h a 14h al carrer ample), la Trobada de Puntaires (de 10h a 13h a la pla\u00e7a de l&#8217;Esgl\u00e9sia), actuaci\u00f3 castellera (a les 12h a la pla\u00e7a de l&#8217;Esgl\u00e9sia), balls country (de 17h a 20h a la pla\u00e7a de l&#8217;Esgl\u00e9sia), i actuaci\u00f3 bastonera dels Picarols de Santpedor (a partir de les 11&#8217;30h a la pla\u00e7a de l&#8217;Esgl\u00e9sia). A m\u00e9s, \u00f2bviament, hi haur\u00e0 un reguitzell de parades i paradetes amb productes de tot tipus que estaran pels carrers del nucli antic de 10h a 20h.<\/p>\n<p>Val a dir que enguany, com a novetat, l&#8217;Ajuntament ha organitzat el 1er Concurs de Fotografia de la Fira de Sant Miquel a Instagram, amb l&#8217;etiqueta #FMS2018. Un certamen de fotografia sobre la fira amb premis inclosos.<\/p>\n","protected":false},"excerpt":{"rendered":"<p>Activitats i propostes per tots els gustos per una Fira de Sant Miquel que creix any rere any i es consolida com un referent a la comarca Amb l&#8217;arribada de la tardor torna una de les cites de refer\u00e8ncia pel comer\u00e7 ecol\u00f2gic i de proximitat: la Fira de Sant Miquel, a Santpedor. Una fira que [&hellip;]<\/p>\n","protected":false},"author":6,"featured_media":11509,"comment_status":"open","ping_status":"closed","sticky":false,"template":"","format":"standard","meta":{"footnotes":""},"categories":[3,137],"tags":[82,113,1127],"class_list":{"0":"post-11508","1":"post","2":"type-post","3":"status-publish","4":"format-standard","5":"has-post-thumbnail","7":"category-noticies","8":"category-societat","9":"tag-fira-de-sant-miquel","10":"tag-santpedor","11":"tag-strombers"},"_links":{"self":[{"href":"https:\/\/santpedor.net\/radio\/wp-json\/wp\/v2\/posts\/11508","targetHints":{"allow":["GET"]}}],"collection":[{"href":"https:\/\/santpedor.net\/radio\/wp-json\/wp\/v2\/posts"}],"about":[{"href":"https:\/\/santpedor.net\/radio\/wp-json\/wp\/v2\/types\/post"}],"author":[{"embeddable":true,"href":"https:\/\/santpedor.net\/radio\/wp-json\/wp\/v2\/users\/6"}],"replies":[{"embeddable":true,"href":"https:\/\/santpedor.net\/radio\/wp-json\/wp\/v2\/comments?post=11508"}],"version-history":[{"count":0,"href":"https:\/\/santpedor.net\/radio\/wp-json\/wp\/v2\/posts\/11508\/revisions"}],"wp:featuredmedia":[{"embeddable":true,"href":"https:\/\/santpedor.net\/radio\/wp-json\/wp\/v2\/media\/11509"}],"wp:attachment":[{"href":"https:\/\/santpedor.net\/radio\/wp-json\/wp\/v2\/media?parent=11508"}],"wp:term":[{"taxonomy":"category","embeddable":true,"href":"https:\/\/santpedor.net\/radio\/wp-json\/wp\/v2\/categories?post=11508"},{"taxonomy":"post_tag","embeddable":true,"href":"https:\/\/santpedor.net\/radio\/wp-json\/wp\/v2\/tags?post=11508"}],"curies":[{"name":"wp","href":"https:\/\/api.w.org\/{rel}","templated":true}]}}