{"id":11534,"date":"2018-09-28T13:19:07","date_gmt":"2018-09-28T11:19:07","guid":{"rendered":"http:\/\/santpedor.net\/radio\/?p=11534"},"modified":"2018-09-28T13:19:07","modified_gmt":"2018-09-28T11:19:07","slug":"inauguren-els-nous-estudis-de-radio-santpedor","status":"publish","type":"post","link":"https:\/\/santpedor.net\/radio\/inauguren-els-nous-estudis-de-radio-santpedor\/","title":{"rendered":"Inauguren els nous estudis de R\u00e0dio Santpedor"},"content":{"rendered":"<p>R\u00e0dio Santpedor ja t\u00e9 llestes les noves instal\u00b7lacions a La Nau. Es van inaugurar amb jornada de portes obertes i un acte a la sala polivalent de la Nau que van atendre una trentena de persones.<\/p>\n<p>Els nous estudis consten de 70 metres quadrats amb dos sales de control (una de gran i una de suport), un locutori ample, i una sala comuna i de redacci\u00f3. Tot plegat en unes instal\u00b7lacions climatitzades, a\u00efllades, i amb totes les connexions necess\u00e0ries per gravar i emetre. Aix\u00f2 suposa un salt qualitatiu molt important respecte l&#8217;antiga r\u00e0dio de Ca l&#8217;Arola, que no comptava amb cap d&#8217;aquestes comoditats i estava en un 3er pis sense sortides a l&#8217;exterior.<\/p>\n<p>Aix\u00ed, tant des de l&#8217;entitat com des de l&#8217;Ajuntament, es vol aprofitar l&#8217;obertura d&#8217;aquests nous estudis per fer un pas endavant en continguts i enfortir el vincle amb la gent. Aix\u00ed ho explicava l&#8217;alcalde, Xavier Codina.<\/p>\n<audio class=\"wp-audio-shortcode\" id=\"audio-11534-1\" preload=\"none\" style=\"width: 100%;\" controls=\"controls\"><source type=\"audio\/mpeg\" src=\"http:\/\/onabages.cat\/wp-content\/uploads\/2018\/09\/AUDIO-XCodina-NAU-1.mp3?_=1\" \/><a href=\"http:\/\/onabages.cat\/wp-content\/uploads\/2018\/09\/AUDIO-XCodina-NAU-1.mp3\">http:\/\/onabages.cat\/wp-content\/uploads\/2018\/09\/AUDIO-XCodina-NAU-1.mp3<\/a><\/audio>\n<p>Marc Mart\u00ednez Amat, qui a ser director molts anys de la r\u00e0dio i segueix fent tasques de coordinaci\u00f3, va recalcar tamb\u00e9 quins han de ser els objectius d&#8217;aquesta nova etapa.<\/p>\n<audio class=\"wp-audio-shortcode\" id=\"audio-11534-2\" preload=\"none\" style=\"width: 100%;\" controls=\"controls\"><source type=\"audio\/mpeg\" src=\"http:\/\/onabages.cat\/wp-content\/uploads\/2018\/09\/AUDIO-MMA.mp3?_=2\" \/><a href=\"http:\/\/onabages.cat\/wp-content\/uploads\/2018\/09\/AUDIO-MMA.mp3\">http:\/\/onabages.cat\/wp-content\/uploads\/2018\/09\/AUDIO-MMA.mp3<\/a><\/audio>\n<p>I el president de la r\u00e0dio, Leandre Guit\u00f3, que n&#8217;\u00e9s tamb\u00e9 un dels fundadors, va voler donar un missatge d&#8217;optimisme ara que l&#8217;entitat compta amb les noves instal\u00b7lacions.<\/p>\n<audio class=\"wp-audio-shortcode\" id=\"audio-11534-3\" preload=\"none\" style=\"width: 100%;\" controls=\"controls\"><source type=\"audio\/mpeg\" src=\"http:\/\/onabages.cat\/wp-content\/uploads\/2018\/09\/AUDIO-LGuit\u00f3.mp3?_=3\" \/><a href=\"http:\/\/onabages.cat\/wp-content\/uploads\/2018\/09\/AUDIO-LGuit\u00f3.mp3\">http:\/\/onabages.cat\/wp-content\/uploads\/2018\/09\/AUDIO-LGuit\u00f3.mp3<\/a><\/audio>\n<p>L&#8217;obertura dels nous estudis coincideix amb l&#8217;estrena d&#8217;una nova temporada radiof\u00f2nica en qu\u00e8 hi haur\u00e0 novetats, com un informatiu comarcal diari, un ampliat programa escolar, o un nou programa d&#8217;entrevistes.<\/p>\n","protected":false},"excerpt":{"rendered":"<p>R\u00e0dio Santpedor ja t\u00e9 llestes les noves instal\u00b7lacions a La Nau. Es van inaugurar amb jornada de portes obertes i un acte a la sala polivalent de la Nau que van atendre una trentena de persones. Els nous estudis consten de 70 metres quadrats amb dos sales de control (una de gran i una de [&hellip;]<\/p>\n","protected":false},"author":6,"featured_media":11535,"comment_status":"open","ping_status":"closed","sticky":false,"template":"","format":"standard","meta":{"footnotes":""},"categories":[3,137],"tags":[316,39,113],"class_list":{"0":"post-11534","1":"post","2":"type-post","3":"status-publish","4":"format-standard","5":"has-post-thumbnail","7":"category-noticies","8":"category-societat","9":"tag-la-nau","10":"tag-radio-santpedor","11":"tag-santpedor"},"_links":{"self":[{"href":"https:\/\/santpedor.net\/radio\/wp-json\/wp\/v2\/posts\/11534","targetHints":{"allow":["GET"]}}],"collection":[{"href":"https:\/\/santpedor.net\/radio\/wp-json\/wp\/v2\/posts"}],"about":[{"href":"https:\/\/santpedor.net\/radio\/wp-json\/wp\/v2\/types\/post"}],"author":[{"embeddable":true,"href":"https:\/\/santpedor.net\/radio\/wp-json\/wp\/v2\/users\/6"}],"replies":[{"embeddable":true,"href":"https:\/\/santpedor.net\/radio\/wp-json\/wp\/v2\/comments?post=11534"}],"version-history":[{"count":0,"href":"https:\/\/santpedor.net\/radio\/wp-json\/wp\/v2\/posts\/11534\/revisions"}],"wp:featuredmedia":[{"embeddable":true,"href":"https:\/\/santpedor.net\/radio\/wp-json\/wp\/v2\/media\/11535"}],"wp:attachment":[{"href":"https:\/\/santpedor.net\/radio\/wp-json\/wp\/v2\/media?parent=11534"}],"wp:term":[{"taxonomy":"category","embeddable":true,"href":"https:\/\/santpedor.net\/radio\/wp-json\/wp\/v2\/categories?post=11534"},{"taxonomy":"post_tag","embeddable":true,"href":"https:\/\/santpedor.net\/radio\/wp-json\/wp\/v2\/tags?post=11534"}],"curies":[{"name":"wp","href":"https:\/\/api.w.org\/{rel}","templated":true}]}}