{"id":11540,"date":"2018-10-01T00:48:33","date_gmt":"2018-09-30T22:48:33","guid":{"rendered":"http:\/\/santpedor.net\/radio\/?p=11540"},"modified":"2018-10-01T00:48:33","modified_gmt":"2018-09-30T22:48:33","slug":"mes-dun-centenar-de-persones-es-concentren-a-la-placa-gran-en-memoria-de-lu-doctubre","status":"publish","type":"post","link":"https:\/\/santpedor.net\/radio\/mes-dun-centenar-de-persones-es-concentren-a-la-placa-gran-en-memoria-de-lu-doctubre\/","title":{"rendered":"M\u00e9s d&#8217;un centenar de persones es concentren a la Pla\u00e7a Gran en mem\u00f2ria de l&#8217;u d&#8217;octubre"},"content":{"rendered":"<h3>Un v\u00eddeo recopilatori de moments de la jornada de l&#8217;u d&#8217;octubre de 2017 a Santpedor ha fet emocionar a bona part dels presents a la pla\u00e7a, des d&#8217;on s&#8217;ha reclamat un cop m\u00e9s l&#8217;alliberament dels presos pol\u00edtics i el retorn dels exiliats<\/h3>\n<p>Enmig de l&#8217;ambient festiu de la Fira de Sant Miquel desenes de santpedorencs han volgut fer una pausa per rememorar la jornada de l&#8217;u d&#8217;octubre de 2017. Sortint de tots tres col\u00b7legis electorals -Capella de Sant Andreu, Riu d&#8217;Or i Biblioteca- una riuada de gent ha avan\u00e7at fins a concentrar-se a la Pla\u00e7a Gran. All\u00e0, el CDR Santpedor ha projectat a la fa\u00e7ana de la Capella de Sant Andreu un v\u00eddeo recopilatori d&#8217;imatges i moments de l&#8217;u d&#8217;octubre de l&#8217;any passat, quan els santpedorencs van poder votar al refer\u00e8ndum d&#8217;independ\u00e8ncia despr\u00e9s de fer nit tot el cap de setmana als tres col\u00b7legis i coordinar-se per evitar l&#8217;embat dels cossos policials (que finalment no va arribar). El v\u00eddeo, que ha despertat moltes emocions en els presents a la pla\u00e7a, ha donat pas uns parlaments en qu\u00e8 s&#8217;ha reclamat l&#8217;alliberament dels presos pol\u00edtics i el retorn dels exiliats i s&#8217;ha empla\u00e7at al Govern a avan\u00e7ar de forma decidida cap a la rep\u00fablica.<\/p>\n","protected":false},"excerpt":{"rendered":"<p>Un v\u00eddeo recopilatori de moments de la jornada de l&#8217;u d&#8217;octubre de 2017 a Santpedor ha fet emocionar a bona part dels presents a la pla\u00e7a, des d&#8217;on s&#8217;ha reclamat un cop m\u00e9s l&#8217;alliberament dels presos pol\u00edtics i el retorn dels exiliats Enmig de l&#8217;ambient festiu de la Fira de Sant Miquel desenes de santpedorencs [&hellip;]<\/p>\n","protected":false},"author":6,"featured_media":11541,"comment_status":"open","ping_status":"closed","sticky":false,"template":"","format":"standard","meta":{"footnotes":""},"categories":[3,137],"tags":[96,113,1143],"class_list":{"0":"post-11540","1":"post","2":"type-post","3":"status-publish","4":"format-standard","5":"has-post-thumbnail","7":"category-noticies","8":"category-societat","9":"tag-placa-gran","10":"tag-santpedor","11":"tag-u-doctubre"},"_links":{"self":[{"href":"https:\/\/santpedor.net\/radio\/wp-json\/wp\/v2\/posts\/11540","targetHints":{"allow":["GET"]}}],"collection":[{"href":"https:\/\/santpedor.net\/radio\/wp-json\/wp\/v2\/posts"}],"about":[{"href":"https:\/\/santpedor.net\/radio\/wp-json\/wp\/v2\/types\/post"}],"author":[{"embeddable":true,"href":"https:\/\/santpedor.net\/radio\/wp-json\/wp\/v2\/users\/6"}],"replies":[{"embeddable":true,"href":"https:\/\/santpedor.net\/radio\/wp-json\/wp\/v2\/comments?post=11540"}],"version-history":[{"count":0,"href":"https:\/\/santpedor.net\/radio\/wp-json\/wp\/v2\/posts\/11540\/revisions"}],"wp:featuredmedia":[{"embeddable":true,"href":"https:\/\/santpedor.net\/radio\/wp-json\/wp\/v2\/media\/11541"}],"wp:attachment":[{"href":"https:\/\/santpedor.net\/radio\/wp-json\/wp\/v2\/media?parent=11540"}],"wp:term":[{"taxonomy":"category","embeddable":true,"href":"https:\/\/santpedor.net\/radio\/wp-json\/wp\/v2\/categories?post=11540"},{"taxonomy":"post_tag","embeddable":true,"href":"https:\/\/santpedor.net\/radio\/wp-json\/wp\/v2\/tags?post=11540"}],"curies":[{"name":"wp","href":"https:\/\/api.w.org\/{rel}","templated":true}]}}