{"id":11619,"date":"2018-10-25T14:59:42","date_gmt":"2018-10-25T12:59:42","guid":{"rendered":"http:\/\/santpedor.net\/radio\/?p=11619"},"modified":"2018-10-25T14:59:42","modified_gmt":"2018-10-25T12:59:42","slug":"ampans-novament-premiada-a-la-nit-de-lempresari-de-la-cecot","status":"publish","type":"post","link":"https:\/\/santpedor.net\/radio\/ampans-novament-premiada-a-la-nit-de-lempresari-de-la-cecot\/","title":{"rendered":"AMPANS, novament premiada a la Nit de l\u2019Empresari de la Cecot"},"content":{"rendered":"<h3>L\u2019entitat va rebre dimarts el guard\u00f3 en la categoria d\u2019innovaci\u00f3 i inversi\u00f3 per a la millora de la salut en el treball, que atorga Prevint, de la m\u00e0 del President de la Generalitat<\/h3>\n<p>AMPANS va ser premiada ahir en el marc de la 24a Nit de l\u2019Empresari de la patronal Cecot, un reconeixement a la innovaci\u00f3 i inversi\u00f3 per a la millora de la salut en el treball, que atorga Prevint. El president d\u2019AMPANS, Sebasti\u00e0 Catll\u00e0, i el Responsable de Prevenci\u00f3 i seguretat laboral, Ferran Torrijos, van ser els encarregats de recollir el premi.<\/p>\n<p>L\u2019objectiu dels reconeixements de la patronal Cecot \u00e9s distingir les bones pr\u00e0ctiques en \u00e0mbits professionals i empresarials, premiar-les, fer-les p\u00fabliques i compartir-les amb altres empreses i professionals. El jurat va destacar d\u2019AMPANS el desplegament de pol\u00edtiques de recursos humans que faciliten el desenvolupament dels seus professionals, al temps que potencien la participaci\u00f3 i el comprom\u00eds amb la missi\u00f3 de l\u2019entitat. Referent a la prevenci\u00f3 de riscos laborals, ha integrat la cultura preventiva en el funcionament de l\u2019entitat.<\/p>\n<p>No \u00e9s la primera vegada que AMPANS resulta premiada en aquest cert\u00e0men de la Cecot, ja que el 2015 va rebre el guard\u00f3 al Progr\u00e9s Empresarial com a Entitat Integradora.<\/p>\n<p>La Nit de l\u2019Empresari ha esdevingut en els \u00faltims anys un punt de trobada entre associats i el m\u00f3n econ\u00f2mic, pol\u00edtic i acad\u00e8mic del pa\u00eds. El Teatre Nacional de Catalunya va acollir l\u2019entrega de premis, que va comptar amb la pres\u00e8ncia del president de la Generalitat, Quim Torra, i el President del Parlament, Roger Torrent, entre altres consellers i alcaldes catalans.<\/p>\n","protected":false},"excerpt":{"rendered":"<p>L\u2019entitat va rebre dimarts el guard\u00f3 en la categoria d\u2019innovaci\u00f3 i inversi\u00f3 per a la millora de la salut en el treball, que atorga Prevint, de la m\u00e0 del President de la Generalitat AMPANS va ser premiada ahir en el marc de la 24a Nit de l\u2019Empresari de la patronal Cecot, un reconeixement a la [&hellip;]<\/p>\n","protected":false},"author":2,"featured_media":11620,"comment_status":"open","ping_status":"closed","sticky":false,"template":"","format":"standard","meta":{"footnotes":""},"categories":[3,137],"tags":[382,113],"class_list":{"0":"post-11619","1":"post","2":"type-post","3":"status-publish","4":"format-standard","5":"has-post-thumbnail","7":"category-noticies","8":"category-societat","9":"tag-ampans","10":"tag-santpedor"},"_links":{"self":[{"href":"https:\/\/santpedor.net\/radio\/wp-json\/wp\/v2\/posts\/11619","targetHints":{"allow":["GET"]}}],"collection":[{"href":"https:\/\/santpedor.net\/radio\/wp-json\/wp\/v2\/posts"}],"about":[{"href":"https:\/\/santpedor.net\/radio\/wp-json\/wp\/v2\/types\/post"}],"author":[{"embeddable":true,"href":"https:\/\/santpedor.net\/radio\/wp-json\/wp\/v2\/users\/2"}],"replies":[{"embeddable":true,"href":"https:\/\/santpedor.net\/radio\/wp-json\/wp\/v2\/comments?post=11619"}],"version-history":[{"count":0,"href":"https:\/\/santpedor.net\/radio\/wp-json\/wp\/v2\/posts\/11619\/revisions"}],"wp:featuredmedia":[{"embeddable":true,"href":"https:\/\/santpedor.net\/radio\/wp-json\/wp\/v2\/media\/11620"}],"wp:attachment":[{"href":"https:\/\/santpedor.net\/radio\/wp-json\/wp\/v2\/media?parent=11619"}],"wp:term":[{"taxonomy":"category","embeddable":true,"href":"https:\/\/santpedor.net\/radio\/wp-json\/wp\/v2\/categories?post=11619"},{"taxonomy":"post_tag","embeddable":true,"href":"https:\/\/santpedor.net\/radio\/wp-json\/wp\/v2\/tags?post=11619"}],"curies":[{"name":"wp","href":"https:\/\/api.w.org\/{rel}","templated":true}]}}