{"id":11628,"date":"2018-10-28T12:00:49","date_gmt":"2018-10-28T11:00:49","guid":{"rendered":"http:\/\/santpedor.net\/radio\/?p=11628"},"modified":"2018-10-28T00:48:23","modified_gmt":"2018-10-27T22:48:23","slug":"torna-la-radio-escolar-a-santpedor-i-castellnou-de-bages-amb-el-gronxador","status":"publish","type":"post","link":"https:\/\/santpedor.net\/radio\/torna-la-radio-escolar-a-santpedor-i-castellnou-de-bages-amb-el-gronxador\/","title":{"rendered":"Torna la r\u00e0dio escolar a Santpedor i Castellnou de Bages, amb el Gronxador"},"content":{"rendered":"<p><strong>Infants de totes les escoles de Santpedor i Castellnou de Bages, aix\u00ed com tamb\u00e9 de l&#8217;Escola Municipal de M\u00fasica de Santpedor i del Consell d&#8217;Infants, es posen davant el micr\u00f2fon per fer de periodistes, recitar poemes, fer recomanacions, i fins i tot actuacions musicals<\/strong><\/p>\n<p>Amb l&#8217;inici del curs escolar torna el Gronxador, el programa de les escoles de Santpedor i Castellnou de Bages que s&#8217;emet l&#8217;\u00faltim diumenge de cada mes al migdia. Els nens i nenes de les escoles Riu d&#8217;Or, La Serreta, Llissach, l&#8217; Olivar, l&#8217;Escola Municipal de M\u00fasica de Santpedor, i tamb\u00e9 el Consell dels Infants, tornen a agafar el micr\u00f2fon i a fer de periodistes per explicar not\u00edcies, recitar poemes, explicar contes, fer recomanacions, i fins i tot actuacions musicals.<\/p>\n<p>Aquest octubre, els nens de 4rt de La Serreta, de la classe de les Aranyes Tigre, expliquen qu\u00e8 passa amb l&#8217;illa de pl\u00e0stics que sura al mig de l&#8217;oce\u00e0 pac\u00edfic. De nosaltres dep\u00e8n fer-la desapar\u00e8ixer! I no us perdeu, a m\u00e9s, l&#8217;entrevista que han fet a l&#8217;Albert Sol\u00e9, un mestre que ensenya a nens i nenes que no hi poden veure, \u00e9s a dir, que s\u00f3n cecs.<\/p>\n<p>A banda, els infants de prim\u00e0ria de l&#8217;escola Riu d&#8217;Or parlaran de la tardor. I coneixerem el Consell dels Infants de Santpedor. Una entitat formada per nens i nenes de totes les escoles del poble, que aquest curs ens acompanyaran al Gronxador. A m\u00e9s de presentar-se, expliquen de qu\u00e8 va la Festa dels Drets dels Infants, i com fer-los arribar propostes per millorar el poble.<\/p>\n<p>I pels que vulguin con\u00e8ixer alguna proposta musical de nivell, de de l&#8217;Escola Municipal de M\u00fasica fan dues propostes molt interessants pels propers caps de setmana. Acompanyades, a m\u00e9s, d&#8217;una actuaci\u00f3 de guitarra d&#8217;un dels seus alumnes. IMPERDIBLE!<\/p>\n<p>PODEU ESCOLTAR EL PROGRAMA EL GRONXADOR D&#8217;OCTUBRE AQU\u00cd MATEIX:<\/p>\n<p><iframe id=\"audio_29649943\" style=\"border: 1px solid #EEE; box-sizing: border-box; width: 100%;\" src=\"https:\/\/www.ivoox.com\/player_ej_29649943_4_1.html?c1=828282\" height=\"200\" frameborder=\"0\" scrolling=\"no\" allowfullscreen=\"allowfullscreen\"><\/iframe><\/p>\n","protected":false},"excerpt":{"rendered":"<p>Infants de totes les escoles de Santpedor i Castellnou de Bages, aix\u00ed com tamb\u00e9 de l&#8217;Escola Municipal de M\u00fasica de Santpedor i del Consell d&#8217;Infants, es posen davant el micr\u00f2fon per fer de periodistes, recitar poemes, fer recomanacions, i fins i tot actuacions musicals Amb l&#8217;inici del curs escolar torna el Gronxador, el programa de [&hellip;]<\/p>\n","protected":false},"author":6,"featured_media":11629,"comment_status":"open","ping_status":"closed","sticky":false,"template":"","format":"standard","meta":{"footnotes":""},"categories":[616,535],"tags":[913,634,424,226,147,853,1176,39,229,113],"class_list":{"0":"post-11628","1":"post","2":"type-post","3":"status-publish","4":"format-standard","5":"has-post-thumbnail","7":"category-el-gronxador","8":"category-programes","9":"tag-consell-dels-infants","10":"tag-escoles","11":"tag-lolivar","12":"tag-la-serreta","13":"tag-llissach","14":"tag-radio","15":"tag-radio-escolar","16":"tag-radio-santpedor","17":"tag-riu-dor","18":"tag-santpedor"},"_links":{"self":[{"href":"https:\/\/santpedor.net\/radio\/wp-json\/wp\/v2\/posts\/11628","targetHints":{"allow":["GET"]}}],"collection":[{"href":"https:\/\/santpedor.net\/radio\/wp-json\/wp\/v2\/posts"}],"about":[{"href":"https:\/\/santpedor.net\/radio\/wp-json\/wp\/v2\/types\/post"}],"author":[{"embeddable":true,"href":"https:\/\/santpedor.net\/radio\/wp-json\/wp\/v2\/users\/6"}],"replies":[{"embeddable":true,"href":"https:\/\/santpedor.net\/radio\/wp-json\/wp\/v2\/comments?post=11628"}],"version-history":[{"count":0,"href":"https:\/\/santpedor.net\/radio\/wp-json\/wp\/v2\/posts\/11628\/revisions"}],"wp:featuredmedia":[{"embeddable":true,"href":"https:\/\/santpedor.net\/radio\/wp-json\/wp\/v2\/media\/11629"}],"wp:attachment":[{"href":"https:\/\/santpedor.net\/radio\/wp-json\/wp\/v2\/media?parent=11628"}],"wp:term":[{"taxonomy":"category","embeddable":true,"href":"https:\/\/santpedor.net\/radio\/wp-json\/wp\/v2\/categories?post=11628"},{"taxonomy":"post_tag","embeddable":true,"href":"https:\/\/santpedor.net\/radio\/wp-json\/wp\/v2\/tags?post=11628"}],"curies":[{"name":"wp","href":"https:\/\/api.w.org\/{rel}","templated":true}]}}