{"id":1170,"date":"2012-04-01T08:18:13","date_gmt":"2012-04-01T08:18:13","guid":{"rendered":"http:\/\/radio.santpedor.net\/wp\/?p=1170"},"modified":"2012-04-01T08:18:13","modified_gmt":"2012-04-01T08:18:13","slug":"el-professor-de-lies-dauro-llorenc-capdevila-publica-la-novel%c2%b7la-a-fer-punyetes","status":"publish","type":"post","link":"https:\/\/santpedor.net\/radio\/el-professor-de-lies-dauro-llorenc-capdevila-publica-la-novel%c2%b7la-a-fer-punyetes\/","title":{"rendered":"El professor de l&#8217;IES d&#8217;Auro Lloren\u00e7 Capdevila publica la novel\u00b7la &#8220;A fer punyetes!&#8221;"},"content":{"rendered":"<p>Lloren\u00e7 Capdevila, professor a l&#8217;IES d&#8217;Auro de Santpedor, i columnista de Regi\u00f37 es presenta aquest any a la cita liter\u00e0ria de Sant Jordi amb la novel\u00b7la A fer punyetes!, que publica amb el segell editorial Barcanova. En aquesta incursi\u00f3 en el terreny de la literatura adre\u00e7ada al p\u00fablic jove, Capdevila explica la hist\u00f2ria d&#8217;un adolescent, Eduard, que es debat entre continuar amb els seus amics de sempre i dedicar-se amb m\u00e9s o menys fortuna als estudis o decantar- se per una nova colla que el porten a descobrir plaers ocults i perillosos.<\/p>\n","protected":false},"excerpt":{"rendered":"<p>Lloren\u00e7 Capdevila, professor a l&#8217;IES d&#8217;Auro de Santpedor, i columnista de Regi\u00f37 es presenta aquest any a la cita liter\u00e0ria de Sant Jordi amb la novel\u00b7la A fer punyetes!, que publica amb el segell editorial Barcanova. En aquesta incursi\u00f3 en el terreny de la literatura adre\u00e7ada al p\u00fablic jove, Capdevila explica la hist\u00f2ria d&#8217;un adolescent, [&hellip;]<\/p>\n","protected":false},"author":1,"featured_media":0,"comment_status":"open","ping_status":"open","sticky":false,"template":"","format":"standard","meta":{"footnotes":""},"categories":[3],"tags":[46,47],"class_list":{"0":"post-1170","1":"post","2":"type-post","3":"status-publish","4":"format-standard","6":"category-noticies","7":"tag-ies-dauro","8":"tag-literatura"},"_links":{"self":[{"href":"https:\/\/santpedor.net\/radio\/wp-json\/wp\/v2\/posts\/1170","targetHints":{"allow":["GET"]}}],"collection":[{"href":"https:\/\/santpedor.net\/radio\/wp-json\/wp\/v2\/posts"}],"about":[{"href":"https:\/\/santpedor.net\/radio\/wp-json\/wp\/v2\/types\/post"}],"author":[{"embeddable":true,"href":"https:\/\/santpedor.net\/radio\/wp-json\/wp\/v2\/users\/1"}],"replies":[{"embeddable":true,"href":"https:\/\/santpedor.net\/radio\/wp-json\/wp\/v2\/comments?post=1170"}],"version-history":[{"count":0,"href":"https:\/\/santpedor.net\/radio\/wp-json\/wp\/v2\/posts\/1170\/revisions"}],"wp:attachment":[{"href":"https:\/\/santpedor.net\/radio\/wp-json\/wp\/v2\/media?parent=1170"}],"wp:term":[{"taxonomy":"category","embeddable":true,"href":"https:\/\/santpedor.net\/radio\/wp-json\/wp\/v2\/categories?post=1170"},{"taxonomy":"post_tag","embeddable":true,"href":"https:\/\/santpedor.net\/radio\/wp-json\/wp\/v2\/tags?post=1170"}],"curies":[{"name":"wp","href":"https:\/\/api.w.org\/{rel}","templated":true}]}}