{"id":11723,"date":"2018-11-23T15:24:26","date_gmt":"2018-11-23T14:24:26","guid":{"rendered":"http:\/\/santpedor.net\/radio\/sallunyen-les-pluges-fred-dema-al-mati-i-vent-de-ponent-al-centre-del-dia\/"},"modified":"2018-11-23T15:24:26","modified_gmt":"2018-11-23T14:24:26","slug":"sallunyen-les-pluges-fred-dema-al-mati-i-vent-de-ponent-al-centre-del-dia","status":"publish","type":"post","link":"https:\/\/santpedor.net\/radio\/sallunyen-les-pluges-fred-dema-al-mati-i-vent-de-ponent-al-centre-del-dia\/","title":{"rendered":"S\u2019allunyen les pluges. Fred dem\u00e0 al mat\u00ed i vent de ponent al centre del dia"},"content":{"rendered":"<p>Bona tarda, ens est\u00e0 escombrant un front d\u2019oest a est i de sud-oest a nord-est que est\u00e0 deixant pluges d\u2019entre 5 i 10 l\/m2 a la Catalunya central i un ambient r\u00fafol, amb fred i un nivell d\u2019humitat molt alt. Les pluges tenen tend\u00e8ncia a anar desapareixent amb el pas de les hores i al vespre ja no plour\u00e0. Per dem\u00e0 al mat\u00ed esperem temperatures molt baixes amb valors pr\u00f2xims als 0\u00ba a 1\u00baC a bona part de la comarca i els n\u00favols baixos i algunes boires apareixeran de bon mat\u00ed, al migdia i la tarda esperem m\u00e9s sol i un vent de ponent que pot bufar amb insist\u00e8ncia a l\u2019oest i al sud de la comarca especialment, amb r\u00e0fegues de 35 a 50 km\/h de manera puntual. De cara a diumenge ens passa un d\u00e8bil front que creiem que no deixar\u00e0 pluja per\u00f2 si for\u00e7a n\u00favols, de nou fred al mat\u00ed (m\u00ednimes d\u20191 a 3\u00baC)\u00a0 i m\u00e0ximes d\u201911 a 13\u00baC a la comarca. Dilluns ens torna a creuar un front que pot deixar x\u00e0fecs al mat\u00ed, ho seguirem! Foto: estat del cel aquest mat\u00ed des del Serrat de Castellnou L&#8217;entrada S\u2019allunyen les pluges. Fred dem\u00e0 al mat\u00ed i vent de ponent al centre del dia ha aparegut primer a .<\/p>\n","protected":false},"excerpt":{"rendered":"<p>Bona tarda, ens est\u00e0 escombrant un front d\u2019oest a est i de sud-oest a nord-est que est\u00e0 deixant pluges d\u2019entre 5 i 10 l\/m2 a la Catalunya central i un ambient r\u00fafol, amb fred i un nivell d\u2019humitat molt alt. Les pluges tenen tend\u00e8ncia a anar desapareixent amb el pas de les hores i al [&hellip;]<\/p>\n","protected":false},"author":9,"featured_media":11724,"comment_status":"false","ping_status":"closed","sticky":false,"template":"","format":"standard","meta":{"footnotes":""},"categories":[768],"tags":[113],"class_list":{"0":"post-11723","1":"post","2":"type-post","3":"status-publish","4":"format-standard","5":"has-post-thumbnail","7":"category-el-temps","8":"tag-santpedor"},"_links":{"self":[{"href":"https:\/\/santpedor.net\/radio\/wp-json\/wp\/v2\/posts\/11723","targetHints":{"allow":["GET"]}}],"collection":[{"href":"https:\/\/santpedor.net\/radio\/wp-json\/wp\/v2\/posts"}],"about":[{"href":"https:\/\/santpedor.net\/radio\/wp-json\/wp\/v2\/types\/post"}],"author":[{"embeddable":true,"href":"https:\/\/santpedor.net\/radio\/wp-json\/wp\/v2\/users\/9"}],"replies":[{"embeddable":true,"href":"https:\/\/santpedor.net\/radio\/wp-json\/wp\/v2\/comments?post=11723"}],"version-history":[{"count":0,"href":"https:\/\/santpedor.net\/radio\/wp-json\/wp\/v2\/posts\/11723\/revisions"}],"wp:featuredmedia":[{"embeddable":true,"href":"https:\/\/santpedor.net\/radio\/wp-json\/wp\/v2\/media\/11724"}],"wp:attachment":[{"href":"https:\/\/santpedor.net\/radio\/wp-json\/wp\/v2\/media?parent=11723"}],"wp:term":[{"taxonomy":"category","embeddable":true,"href":"https:\/\/santpedor.net\/radio\/wp-json\/wp\/v2\/categories?post=11723"},{"taxonomy":"post_tag","embeddable":true,"href":"https:\/\/santpedor.net\/radio\/wp-json\/wp\/v2\/tags?post=11723"}],"curies":[{"name":"wp","href":"https:\/\/api.w.org\/{rel}","templated":true}]}}