{"id":11734,"date":"2018-11-28T14:16:06","date_gmt":"2018-11-28T13:16:06","guid":{"rendered":"http:\/\/santpedor.net\/radio\/fred-als-matins-bonanca-de-dia-nuvols-alts-i-cel-enterbolit-avui-i-dema\/"},"modified":"2018-11-28T14:16:06","modified_gmt":"2018-11-28T13:16:06","slug":"fred-als-matins-bonanca-de-dia-nuvols-alts-i-cel-enterbolit-avui-i-dema","status":"publish","type":"post","link":"https:\/\/santpedor.net\/radio\/fred-als-matins-bonanca-de-dia-nuvols-alts-i-cel-enterbolit-avui-i-dema\/","title":{"rendered":"Fred als matins, bonan\u00e7a de dia. N\u00favols alts i cel enterbolit avui i dem\u00e0"},"content":{"rendered":"<p>Bona tarda, les temperatures han baixat amb ganes la passada matinada amb valors que s\u2019han acostat als 0\u00baC al Pla de Bages i fins i tot han baixat lleugerament dels 0\u00baC a la vall del Cardener (Valls de Torroella -0.5\u00baC i S\u00faria -0.1\u00baC). Tot i tenir temperatures m\u00ednimes d\u20191 a 2\u00baC a la majoria de poblacions la gebrada arran de terra ha estat ben visible, recordem que fa m\u00e9s fred a pocs cent\u00edmetres de terra o en superf\u00edcies met\u00e0l\u00b7liques que des d\u2019on es prenen mesures de manera oficial (a 1.5 m del terra o per sobre, mai per sota d\u2019aquesta al\u00e7ada). La tarda transcorrer\u00e0 tranquil\u00b7la gaireb\u00e9 sense vent i amb n\u00favols de tipus alt que enteranyinaran el cel, temperatures m\u00e0ximes d\u2019entre 12 i 14\u00baC. Per dem\u00e0 esperem algunes boires arrapades al Pla a primera hora i temperatures m\u00ednimes de nou fredes, situant-se entre els 0 i els 2\u00baC en general per\u00f2 pot tornar a gla\u00e7ar en fondalades i llocs arrecerats. Els n\u00favols alts del tipus cirrus i cirroestrats continuaran fent acte de pres\u00e8ncia i les m\u00e0ximes tornaran a situar-se entre els 12 i 14\u00baC en general. Divendres ens passa un front d\u00e8bil entre la matinada i mat\u00ed que pot comportar algun plugim poc destacable i molts n\u00favols aix\u00f2 s\u00ed fins al migdia. Les temperatures m\u00e0ximes seran m\u00e9s baixes. Foto: Boires vistes des de prop de Sall\u00e9s de la Serra (Sallent) Pirineu al fons. Novembre de 2018 L&#8217;entrada Fred als matins, bonan\u00e7a de dia. N\u00favols alts i cel enterbolit avui i dem\u00e0 ha aparegut primer a .<\/p>\n","protected":false},"excerpt":{"rendered":"<p>Bona tarda, les temperatures han baixat amb ganes la passada matinada amb valors que s\u2019han acostat als 0\u00baC al Pla de Bages i fins i tot han baixat lleugerament dels 0\u00baC a la vall del Cardener (Valls de Torroella -0.5\u00baC i S\u00faria -0.1\u00baC). Tot i tenir temperatures m\u00ednimes d\u20191 a 2\u00baC a la majoria de [&hellip;]<\/p>\n","protected":false},"author":9,"featured_media":11735,"comment_status":"false","ping_status":"closed","sticky":false,"template":"","format":"standard","meta":{"footnotes":""},"categories":[768],"tags":[113],"class_list":{"0":"post-11734","1":"post","2":"type-post","3":"status-publish","4":"format-standard","5":"has-post-thumbnail","7":"category-el-temps","8":"tag-santpedor"},"_links":{"self":[{"href":"https:\/\/santpedor.net\/radio\/wp-json\/wp\/v2\/posts\/11734","targetHints":{"allow":["GET"]}}],"collection":[{"href":"https:\/\/santpedor.net\/radio\/wp-json\/wp\/v2\/posts"}],"about":[{"href":"https:\/\/santpedor.net\/radio\/wp-json\/wp\/v2\/types\/post"}],"author":[{"embeddable":true,"href":"https:\/\/santpedor.net\/radio\/wp-json\/wp\/v2\/users\/9"}],"replies":[{"embeddable":true,"href":"https:\/\/santpedor.net\/radio\/wp-json\/wp\/v2\/comments?post=11734"}],"version-history":[{"count":0,"href":"https:\/\/santpedor.net\/radio\/wp-json\/wp\/v2\/posts\/11734\/revisions"}],"wp:featuredmedia":[{"embeddable":true,"href":"https:\/\/santpedor.net\/radio\/wp-json\/wp\/v2\/media\/11735"}],"wp:attachment":[{"href":"https:\/\/santpedor.net\/radio\/wp-json\/wp\/v2\/media?parent=11734"}],"wp:term":[{"taxonomy":"category","embeddable":true,"href":"https:\/\/santpedor.net\/radio\/wp-json\/wp\/v2\/categories?post=11734"},{"taxonomy":"post_tag","embeddable":true,"href":"https:\/\/santpedor.net\/radio\/wp-json\/wp\/v2\/tags?post=11734"}],"curies":[{"name":"wp","href":"https:\/\/api.w.org\/{rel}","templated":true}]}}