{"id":11741,"date":"2018-12-04T13:20:08","date_gmt":"2018-12-04T12:20:08","guid":{"rendered":"http:\/\/santpedor.net\/radio\/bonanca-i-nuvols-alts-a-les-tardes-matins-frescos-i-amb-boira\/"},"modified":"2018-12-04T13:20:08","modified_gmt":"2018-12-04T12:20:08","slug":"bonanca-i-nuvols-alts-a-les-tardes-matins-frescos-i-amb-boira","status":"publish","type":"post","link":"https:\/\/santpedor.net\/radio\/bonanca-i-nuvols-alts-a-les-tardes-matins-frescos-i-amb-boira\/","title":{"rendered":"Bonan\u00e7a i n\u00favols alts a les tardes. Matins frescos i amb boira"},"content":{"rendered":"<p>Bona tarda, les boires i n\u00favols baixos han estat ben presents al llarg del mat\u00ed per\u00f2 creiem que la tend\u00e8ncia es que es vagin esvaint, aix\u00edi tot a la tarda els n\u00favols alts tornaran a ser ben presents deixant una aparen\u00e7a blanquinosa al cel amb un sol esmorte\u00eft i amb temperatures m\u00e0ximes avui d\u2019entre 11 i 13\u00baC a la comarca. Per dem\u00e0 esperem boires espesses a primera hora i temperatures m\u00ednimes altes per l\u2019\u00e8poca (d\u2019entre 2 i 4\u00baC) i \u00e9s de cara al migdia i la tarda quan la bonan\u00e7a imperar\u00e0 amb valors per sobre del 15\u00baC a moltes poblacions bagenques. De nou tindrem un aspecte blanquin\u00f3s al cel a causa dels n\u00favols alts (cirrus, cirroestrats i altoestrats). Aquest temps poc fred per l\u2019\u00e8poca i les boires matinals seran la nota predominant durant tota la setmana. A partir de diumenge i dilluns vinent les temperatures cauran en picat i el vent de mestral es deixar\u00e0 sentir. Foto: Halo solar fotografiat ahir des de Manresa. Els n\u00favols de tipus cirrus donen lloc a aquest fenomen. Els rajos solars incideixen sobre les part\u00edcules de gel i la seva refracci\u00f3 pot acabar formant un halo. L&#8217;entrada Bonan\u00e7a i n\u00favols alts a les tardes. Matins frescos i amb boira ha aparegut primer a .<\/p>\n","protected":false},"excerpt":{"rendered":"<p>Bona tarda, les boires i n\u00favols baixos han estat ben presents al llarg del mat\u00ed per\u00f2 creiem que la tend\u00e8ncia es que es vagin esvaint, aix\u00edi tot a la tarda els n\u00favols alts tornaran a ser ben presents deixant una aparen\u00e7a blanquinosa al cel amb un sol esmorte\u00eft i amb temperatures m\u00e0ximes avui d\u2019entre 11 [&hellip;]<\/p>\n","protected":false},"author":9,"featured_media":11742,"comment_status":"false","ping_status":"closed","sticky":false,"template":"","format":"standard","meta":{"footnotes":""},"categories":[768],"tags":[113],"class_list":{"0":"post-11741","1":"post","2":"type-post","3":"status-publish","4":"format-standard","5":"has-post-thumbnail","7":"category-el-temps","8":"tag-santpedor"},"_links":{"self":[{"href":"https:\/\/santpedor.net\/radio\/wp-json\/wp\/v2\/posts\/11741","targetHints":{"allow":["GET"]}}],"collection":[{"href":"https:\/\/santpedor.net\/radio\/wp-json\/wp\/v2\/posts"}],"about":[{"href":"https:\/\/santpedor.net\/radio\/wp-json\/wp\/v2\/types\/post"}],"author":[{"embeddable":true,"href":"https:\/\/santpedor.net\/radio\/wp-json\/wp\/v2\/users\/9"}],"replies":[{"embeddable":true,"href":"https:\/\/santpedor.net\/radio\/wp-json\/wp\/v2\/comments?post=11741"}],"version-history":[{"count":0,"href":"https:\/\/santpedor.net\/radio\/wp-json\/wp\/v2\/posts\/11741\/revisions"}],"wp:featuredmedia":[{"embeddable":true,"href":"https:\/\/santpedor.net\/radio\/wp-json\/wp\/v2\/media\/11742"}],"wp:attachment":[{"href":"https:\/\/santpedor.net\/radio\/wp-json\/wp\/v2\/media?parent=11741"}],"wp:term":[{"taxonomy":"category","embeddable":true,"href":"https:\/\/santpedor.net\/radio\/wp-json\/wp\/v2\/categories?post=11741"},{"taxonomy":"post_tag","embeddable":true,"href":"https:\/\/santpedor.net\/radio\/wp-json\/wp\/v2\/tags?post=11741"}],"curies":[{"name":"wp","href":"https:\/\/api.w.org\/{rel}","templated":true}]}}