{"id":11755,"date":"2018-12-10T17:08:45","date_gmt":"2018-12-10T16:08:45","guid":{"rendered":"http:\/\/santpedor.net\/radio\/matins-mes-freds-i-amb-algunes-boires-al-pla-dijous-ens-creua-un-front\/"},"modified":"2018-12-10T17:08:45","modified_gmt":"2018-12-10T16:08:45","slug":"matins-mes-freds-i-amb-algunes-boires-al-pla-dijous-ens-creua-un-front","status":"publish","type":"post","link":"https:\/\/santpedor.net\/radio\/matins-mes-freds-i-amb-algunes-boires-al-pla-dijous-ens-creua-un-front\/","title":{"rendered":"Matins m\u00e9s freds i amb algunes boires al Pla. Dijous ens creua un front"},"content":{"rendered":"<p>Bona tarda, el temps continua amb pocs canvis i amb temperatures elevades per les dates en les quals ens trobem. Avui les m\u00ednimes s\u2019han situat entre els 2 i els 4\u00baC a bona part de la comarca i les m\u00e0ximes han baixat respecte al cap de setmana, Manresa ha assolit 12.5\u00baC, S\u00faria 12\u00baC, Sallent i Santpedor els 11\u00baC. Per dem\u00e0 esperem uns valors a primera hora del mat\u00ed m\u00e9s baixos i pot gla\u00e7ar en diferents punts de la comarca, preferentment en fondalades de la Vall del Cardener i del Llobregat i continuarem amb una marcada inversi\u00f3 t\u00e8rmica (m\u00e9s fred en cotes baixes). Ens llevarem amb alguns n\u00favols baixos i entre el migdia i la tarda ens tornaran a afectar n\u00favols alts que poden enteranyinar el cel. Dimecres el temps no canviar\u00e0 i de nou tindrem bandes de n\u00favols alts i mitjos, m\u00e9s espessos a la tarda i amb unes temperatures semblants a les de dimarts. Dijous ens creua un front que pot deixar alguna d\u00e8bil pluja a la Catalunya central. Ho seguirem! Foto: cel rogent des del Serrat de Castellnou. Desembre de 2018 L&#8217;entrada Matins m\u00e9s freds i amb algunes boires al Pla. Dijous ens creua un front ha aparegut primer a .<\/p>\n","protected":false},"excerpt":{"rendered":"<p>Bona tarda, el temps continua amb pocs canvis i amb temperatures elevades per les dates en les quals ens trobem. Avui les m\u00ednimes s\u2019han situat entre els 2 i els 4\u00baC a bona part de la comarca i les m\u00e0ximes han baixat respecte al cap de setmana, Manresa ha assolit 12.5\u00baC, S\u00faria 12\u00baC, Sallent i [&hellip;]<\/p>\n","protected":false},"author":9,"featured_media":0,"comment_status":"false","ping_status":"closed","sticky":false,"template":"","format":"standard","meta":{"footnotes":""},"categories":[768],"tags":[113],"class_list":{"0":"post-11755","1":"post","2":"type-post","3":"status-publish","4":"format-standard","6":"category-el-temps","7":"tag-santpedor"},"_links":{"self":[{"href":"https:\/\/santpedor.net\/radio\/wp-json\/wp\/v2\/posts\/11755","targetHints":{"allow":["GET"]}}],"collection":[{"href":"https:\/\/santpedor.net\/radio\/wp-json\/wp\/v2\/posts"}],"about":[{"href":"https:\/\/santpedor.net\/radio\/wp-json\/wp\/v2\/types\/post"}],"author":[{"embeddable":true,"href":"https:\/\/santpedor.net\/radio\/wp-json\/wp\/v2\/users\/9"}],"replies":[{"embeddable":true,"href":"https:\/\/santpedor.net\/radio\/wp-json\/wp\/v2\/comments?post=11755"}],"version-history":[{"count":0,"href":"https:\/\/santpedor.net\/radio\/wp-json\/wp\/v2\/posts\/11755\/revisions"}],"wp:attachment":[{"href":"https:\/\/santpedor.net\/radio\/wp-json\/wp\/v2\/media?parent=11755"}],"wp:term":[{"taxonomy":"category","embeddable":true,"href":"https:\/\/santpedor.net\/radio\/wp-json\/wp\/v2\/categories?post=11755"},{"taxonomy":"post_tag","embeddable":true,"href":"https:\/\/santpedor.net\/radio\/wp-json\/wp\/v2\/tags?post=11755"}],"curies":[{"name":"wp","href":"https:\/\/api.w.org\/{rel}","templated":true}]}}