{"id":11777,"date":"2018-12-19T16:46:55","date_gmt":"2018-12-19T15:46:55","guid":{"rendered":"http:\/\/santpedor.net\/radio\/vent-a-la-baixa-fred-ben-viu-al-mati-i-alguns-nuvols-baixos\/"},"modified":"2018-12-19T16:46:55","modified_gmt":"2018-12-19T15:46:55","slug":"vent-a-la-baixa-fred-ben-viu-al-mati-i-alguns-nuvols-baixos","status":"publish","type":"post","link":"https:\/\/santpedor.net\/radio\/vent-a-la-baixa-fred-ben-viu-al-mati-i-alguns-nuvols-baixos\/","title":{"rendered":"Vent a la baixa. Fred ben viu al mat\u00ed i alguns n\u00favols baixos"},"content":{"rendered":"<p>Bona tarda, les temperatures m\u00ednimes no han baixat tant aquest mat\u00ed i s\u2019han mogut entre els 1 i els 3\u00baC a la comarca. Bandes de n\u00favols s\u2019han despla\u00e7at d\u2019oest a est a gran velocitat empesos pel vent de l\u2019oest i nord-oest que ha bufat amb ganes al llarg de la jornada, r\u00e0fegues de 40 a 50km\/h han afectat bona part del centre i oest de la comarca deixant una sensaci\u00f3 de fredor acusada tot i el sol que ha llu\u00eft. El vent anir\u00e0 clarament a la baixa a partir del vespre i aix\u00f2 permetr\u00e0 que les temperatures baixin amb ganes gr\u00e0cies tamb\u00e9 a l\u2019abs\u00e8ncia de n\u00favols. Dem\u00e0 al mat\u00ed ens llevarem amb valors de -1\u00ba a +1\u00baC a bona part de la comarca, per tant pot gla\u00e7ar a moltes poblacions bagenques sobretot en localitats a baixa al\u00e7ada. Els n\u00favols prims ens afectaran de matinada i deixaran un cel entelat, independentment d\u2019aix\u00f2 podem tenir alguns bancs de boira o n\u00favols baixos al Pla de Bages i a l\u2019oest de la comarca. Les temperatures m\u00e0ximes baixaran respecte avui i es mouran entre els 8 i els 11\u00baC. Foto: Sant Fruit\u00f3s aquest mat\u00ed. Fotografia de Jaume Grandia L&#8217;entrada Vent a la baixa. Fred ben viu al mat\u00ed i alguns n\u00favols baixos ha aparegut primer a .<\/p>\n","protected":false},"excerpt":{"rendered":"<p>Bona tarda, les temperatures m\u00ednimes no han baixat tant aquest mat\u00ed i s\u2019han mogut entre els 1 i els 3\u00baC a la comarca. Bandes de n\u00favols s\u2019han despla\u00e7at d\u2019oest a est a gran velocitat empesos pel vent de l\u2019oest i nord-oest que ha bufat amb ganes al llarg de la jornada, r\u00e0fegues de 40 a [&hellip;]<\/p>\n","protected":false},"author":9,"featured_media":0,"comment_status":"false","ping_status":"closed","sticky":false,"template":"","format":"standard","meta":{"footnotes":""},"categories":[768],"tags":[113],"class_list":{"0":"post-11777","1":"post","2":"type-post","3":"status-publish","4":"format-standard","6":"category-el-temps","7":"tag-santpedor"},"_links":{"self":[{"href":"https:\/\/santpedor.net\/radio\/wp-json\/wp\/v2\/posts\/11777","targetHints":{"allow":["GET"]}}],"collection":[{"href":"https:\/\/santpedor.net\/radio\/wp-json\/wp\/v2\/posts"}],"about":[{"href":"https:\/\/santpedor.net\/radio\/wp-json\/wp\/v2\/types\/post"}],"author":[{"embeddable":true,"href":"https:\/\/santpedor.net\/radio\/wp-json\/wp\/v2\/users\/9"}],"replies":[{"embeddable":true,"href":"https:\/\/santpedor.net\/radio\/wp-json\/wp\/v2\/comments?post=11777"}],"version-history":[{"count":0,"href":"https:\/\/santpedor.net\/radio\/wp-json\/wp\/v2\/posts\/11777\/revisions"}],"wp:attachment":[{"href":"https:\/\/santpedor.net\/radio\/wp-json\/wp\/v2\/media?parent=11777"}],"wp:term":[{"taxonomy":"category","embeddable":true,"href":"https:\/\/santpedor.net\/radio\/wp-json\/wp\/v2\/categories?post=11777"},{"taxonomy":"post_tag","embeddable":true,"href":"https:\/\/santpedor.net\/radio\/wp-json\/wp\/v2\/tags?post=11777"}],"curies":[{"name":"wp","href":"https:\/\/api.w.org\/{rel}","templated":true}]}}