{"id":11788,"date":"2018-12-22T12:16:20","date_gmt":"2018-12-22T11:16:20","guid":{"rendered":"http:\/\/santpedor.net\/radio\/nadal-i-sant-esteve-amb-molta-bonanca-el-fred-arribara-per-cap-dany\/"},"modified":"2018-12-22T12:16:20","modified_gmt":"2018-12-22T11:16:20","slug":"nadal-i-sant-esteve-amb-molta-bonanca-el-fred-arribara-per-cap-dany","status":"publish","type":"post","link":"https:\/\/santpedor.net\/radio\/nadal-i-sant-esteve-amb-molta-bonanca-el-fred-arribara-per-cap-dany\/","title":{"rendered":"Nadal i Sant Esteve amb molta bonan\u00e7a. El fred arribar\u00e0 per cap d\u2019any"},"content":{"rendered":"<p>Bon dia, estem tenint temperatures per sobre del que tocaria. Avui ha gla\u00e7at tan sols en algunes raconades de la Vall del Cardener per\u00f2 en general les m\u00ednimes han estat positives a causa d\u2019un anticicl\u00f3 de car\u00e0cter m\u00e9s aviat \u2018c\u00e0lid\u2019 (es troba centrat al Marroc) i de petites cues de front molt desgastades que ens estan portant n\u00favols de tipus alt i poca cosa m\u00e9s tret d\u2019algunes boires matinals al Pla de Bages. Aquest temps tan tranquil i anticicl\u00f2nic sembla que ens afectar\u00e0 fins al dia de Cap d\u2019any com a m\u00ednim. Esperem un cap de setmana tranquil, amb algunes boires matinals i amb temperatures di\u00fcrnes m\u00e9s altes (movent-se entre els 12 i els 15\u00baC). Per Nadal i Sant Esteve la bonan\u00e7a predominar\u00e0 i en cap cas esperem pluges o gla\u00e7ades\u2026 sembla que a partir de dijous i divendres vinent les temperatures baixaran dia a dia a causa d\u2019un anticicl\u00f3 que es despla\u00e7ar\u00e0 cap a les Illes Brit\u00e0niques i Fran\u00e7a que permetr\u00e0 que tot i el sol i les boires matinals les temperatures davallin arribant a Cap d\u2019any amb gla\u00e7ades moderades a bona part de la comarca i temperatures di\u00fcrnes m\u00e9s curtes (d\u2019entre 6 i 9\u00baC). Foto: entre boires. Serrat de Castellnou, setembre de 2017 L&#8217;entrada Nadal i Sant Esteve amb molta bonan\u00e7a. El fred arribar\u00e0 per cap d\u2019any ha aparegut primer a .<\/p>\n","protected":false},"excerpt":{"rendered":"<p>Bon dia, estem tenint temperatures per sobre del que tocaria. Avui ha gla\u00e7at tan sols en algunes raconades de la Vall del Cardener per\u00f2 en general les m\u00ednimes han estat positives a causa d\u2019un anticicl\u00f3 de car\u00e0cter m\u00e9s aviat \u2018c\u00e0lid\u2019 (es troba centrat al Marroc) i de petites cues de front molt desgastades que ens [&hellip;]<\/p>\n","protected":false},"author":9,"featured_media":0,"comment_status":"false","ping_status":"closed","sticky":false,"template":"","format":"standard","meta":{"footnotes":""},"categories":[768],"tags":[113],"class_list":{"0":"post-11788","1":"post","2":"type-post","3":"status-publish","4":"format-standard","6":"category-el-temps","7":"tag-santpedor"},"_links":{"self":[{"href":"https:\/\/santpedor.net\/radio\/wp-json\/wp\/v2\/posts\/11788","targetHints":{"allow":["GET"]}}],"collection":[{"href":"https:\/\/santpedor.net\/radio\/wp-json\/wp\/v2\/posts"}],"about":[{"href":"https:\/\/santpedor.net\/radio\/wp-json\/wp\/v2\/types\/post"}],"author":[{"embeddable":true,"href":"https:\/\/santpedor.net\/radio\/wp-json\/wp\/v2\/users\/9"}],"replies":[{"embeddable":true,"href":"https:\/\/santpedor.net\/radio\/wp-json\/wp\/v2\/comments?post=11788"}],"version-history":[{"count":0,"href":"https:\/\/santpedor.net\/radio\/wp-json\/wp\/v2\/posts\/11788\/revisions"}],"wp:attachment":[{"href":"https:\/\/santpedor.net\/radio\/wp-json\/wp\/v2\/media?parent=11788"}],"wp:term":[{"taxonomy":"category","embeddable":true,"href":"https:\/\/santpedor.net\/radio\/wp-json\/wp\/v2\/categories?post=11788"},{"taxonomy":"post_tag","embeddable":true,"href":"https:\/\/santpedor.net\/radio\/wp-json\/wp\/v2\/tags?post=11788"}],"curies":[{"name":"wp","href":"https:\/\/api.w.org\/{rel}","templated":true}]}}