{"id":11807,"date":"2019-01-04T18:08:14","date_gmt":"2019-01-04T17:08:14","guid":{"rendered":"http:\/\/santpedor.net\/radio\/matins-freds-amb-glacades-i-tardes-mes-agradables-fred-ben-viu-a-partir-del-10-de-gener\/"},"modified":"2019-01-04T18:08:14","modified_gmt":"2019-01-04T17:08:14","slug":"matins-freds-amb-glacades-i-tardes-mes-agradables-fred-ben-viu-a-partir-del-10-de-gener","status":"publish","type":"post","link":"https:\/\/santpedor.net\/radio\/matins-freds-amb-glacades-i-tardes-mes-agradables-fred-ben-viu-a-partir-del-10-de-gener\/","title":{"rendered":"Matins freds amb gla\u00e7ades i tardes m\u00e9s agradables. Fred ben viu a partir del 10 de gener"},"content":{"rendered":"<p>Bona tarda, el fred est\u00e0 sent intens als matins amb gla\u00e7ades arreu de la comarca. Avui s\u2019ha arribat als -6\u00baC a Sant Salvador de Guardiola i a Art\u00e9s i fins a -5\u00baC ha baixat el mercuri a Sant Fruit\u00f3s de Bages a S\u00faria, a Sallent i a Valls de Torroella. Santpedor i el Serrat de Castellnou han baixat fins als -3\u00baC. Esperem gla\u00e7ades tamb\u00e9 de cara a dem\u00e0 al mat\u00ed per\u00f2 seran menys intenses i els Reis Mags no hauran de patir per l\u2019estat del cel, ja que el temps no vol canviar a curt termini i de fet esperem que les temperatures durant el dia es recuperin aquest cap de setmana i pel dia de Reis algun term\u00f2metre pot pujar fins als 13 o 14\u00baC. Compte a partir de dimecres que ve, una invasi\u00f3 d\u2019aire fred continental (sense precipitacions associades) ens visitar\u00e0 i far\u00e0 baixar el mercuri novament amb un final de la setmana vinent molt fred, sobretot a causa de la baixada dr\u00e0stica en les temperatures di\u00fcrnes no tan pel que fa a les matinals (que ja estan sent for\u00e7a baixes aquests \u00faltims dies). Ho seguirem perqu\u00e8 les temperatures podran ser not\u00edcia per baixes entre el 10 i el 15 de gener. Foto: Capvespre rogenc des del Serrat de Castellnou. Gener de 2019 L&#8217;entrada Matins freds amb gla\u00e7ades i tardes m\u00e9s agradables. Fred ben viu a partir del 10 de gener ha aparegut primer a .<\/p>\n","protected":false},"excerpt":{"rendered":"<p>Bona tarda, el fred est\u00e0 sent intens als matins amb gla\u00e7ades arreu de la comarca. Avui s\u2019ha arribat als -6\u00baC a Sant Salvador de Guardiola i a Art\u00e9s i fins a -5\u00baC ha baixat el mercuri a Sant Fruit\u00f3s de Bages a S\u00faria, a Sallent i a Valls de Torroella. Santpedor i el Serrat de [&hellip;]<\/p>\n","protected":false},"author":9,"featured_media":0,"comment_status":"false","ping_status":"closed","sticky":false,"template":"","format":"standard","meta":{"footnotes":""},"categories":[768],"tags":[113],"class_list":{"0":"post-11807","1":"post","2":"type-post","3":"status-publish","4":"format-standard","6":"category-el-temps","7":"tag-santpedor"},"_links":{"self":[{"href":"https:\/\/santpedor.net\/radio\/wp-json\/wp\/v2\/posts\/11807","targetHints":{"allow":["GET"]}}],"collection":[{"href":"https:\/\/santpedor.net\/radio\/wp-json\/wp\/v2\/posts"}],"about":[{"href":"https:\/\/santpedor.net\/radio\/wp-json\/wp\/v2\/types\/post"}],"author":[{"embeddable":true,"href":"https:\/\/santpedor.net\/radio\/wp-json\/wp\/v2\/users\/9"}],"replies":[{"embeddable":true,"href":"https:\/\/santpedor.net\/radio\/wp-json\/wp\/v2\/comments?post=11807"}],"version-history":[{"count":0,"href":"https:\/\/santpedor.net\/radio\/wp-json\/wp\/v2\/posts\/11807\/revisions"}],"wp:attachment":[{"href":"https:\/\/santpedor.net\/radio\/wp-json\/wp\/v2\/media?parent=11807"}],"wp:term":[{"taxonomy":"category","embeddable":true,"href":"https:\/\/santpedor.net\/radio\/wp-json\/wp\/v2\/categories?post=11807"},{"taxonomy":"post_tag","embeddable":true,"href":"https:\/\/santpedor.net\/radio\/wp-json\/wp\/v2\/tags?post=11807"}],"curies":[{"name":"wp","href":"https:\/\/api.w.org\/{rel}","templated":true}]}}