{"id":11817,"date":"2019-01-12T09:03:13","date_gmt":"2019-01-12T08:03:13","guid":{"rendered":"http:\/\/santpedor.net\/radio\/temperatures-menys-fredes-seguirem-amb-lanticiclo\/"},"modified":"2019-01-12T09:03:13","modified_gmt":"2019-01-12T08:03:13","slug":"temperatures-menys-fredes-seguirem-amb-lanticiclo","status":"publish","type":"post","link":"https:\/\/santpedor.net\/radio\/temperatures-menys-fredes-seguirem-amb-lanticiclo\/","title":{"rendered":"Temperatures menys fredes. Seguirem amb l\u2019anticicl\u00f3"},"content":{"rendered":"<p>Bon dia, temperatures fredes, de cru hivern les que estem tenint aquests dies. Fem un rep\u00e0s dels valors m\u00ednims d\u2019avui: -6\u00baC a Sant Salvador de Guardiola i a Cardona (Pinallet), -5.5\u00baC a Sallent i a S\u00faria, -5.0\u00baC a Art\u00e9s i el Pont de Vilomara, -3,5\u00baC a Santpedor i Manresa. Esperem un cap de setmana tranquil, continuarem amb anticicl\u00f3 almenys 5 o 6 dies m\u00e9s. Avui les temperatures m\u00e0ximes se situaran entre els 6 i els 8\u00baC a bona part de la comarca, m\u00e9s baixes en cotes per sobre dels 400 a 500 m, i la jornada transcorrer\u00e0 amb abs\u00e8ncia de n\u00favols. Per dem\u00e0 s\u2019esperen gla\u00e7ades a primera hora i a difer\u00e8ncia d\u2019avui esperem algunes boires al Pla de Bages i cap a l\u2019oest de la Comarca a cavall de l\u2019Anoia i el Solson\u00e8s. Creiem que a mig mat\u00ed o migdia s\u2019esvairan i les temperatures m\u00e0ximes es mouran entre els 7 i els 9\u00baC, m\u00e9s baixes a l\u2019oest de la comarca. Tamb\u00e9 tindrem pinzellades de n\u00favols alts que poden enteranyinar el cel a la tarda. De cara a la setmana vinent continuarem amb l\u2019anticicl\u00f3 almenys fins divendres. Les gla\u00e7ades seran menys intenses, tindrem algunes boires i les temperatures m\u00e0ximes seran m\u00e9s altes. Foto: N\u00favols del tipus Altoc\u00famuls lenticulars. Castellnou de Bages, gener de 2019 \u2013 L&#8217;entrada Temperatures menys fredes. Seguirem amb l\u2019anticicl\u00f3 ha aparegut primer a .<\/p>\n","protected":false},"excerpt":{"rendered":"<p>Bon dia, temperatures fredes, de cru hivern les que estem tenint aquests dies. Fem un rep\u00e0s dels valors m\u00ednims d\u2019avui: -6\u00baC a Sant Salvador de Guardiola i a Cardona (Pinallet), -5.5\u00baC a Sallent i a S\u00faria, -5.0\u00baC a Art\u00e9s i el Pont de Vilomara, -3,5\u00baC a Santpedor i Manresa. Esperem un cap de setmana tranquil, [&hellip;]<\/p>\n","protected":false},"author":9,"featured_media":0,"comment_status":"false","ping_status":"closed","sticky":false,"template":"","format":"standard","meta":{"footnotes":""},"categories":[768],"tags":[113],"class_list":{"0":"post-11817","1":"post","2":"type-post","3":"status-publish","4":"format-standard","6":"category-el-temps","7":"tag-santpedor"},"_links":{"self":[{"href":"https:\/\/santpedor.net\/radio\/wp-json\/wp\/v2\/posts\/11817","targetHints":{"allow":["GET"]}}],"collection":[{"href":"https:\/\/santpedor.net\/radio\/wp-json\/wp\/v2\/posts"}],"about":[{"href":"https:\/\/santpedor.net\/radio\/wp-json\/wp\/v2\/types\/post"}],"author":[{"embeddable":true,"href":"https:\/\/santpedor.net\/radio\/wp-json\/wp\/v2\/users\/9"}],"replies":[{"embeddable":true,"href":"https:\/\/santpedor.net\/radio\/wp-json\/wp\/v2\/comments?post=11817"}],"version-history":[{"count":0,"href":"https:\/\/santpedor.net\/radio\/wp-json\/wp\/v2\/posts\/11817\/revisions"}],"wp:attachment":[{"href":"https:\/\/santpedor.net\/radio\/wp-json\/wp\/v2\/media?parent=11817"}],"wp:term":[{"taxonomy":"category","embeddable":true,"href":"https:\/\/santpedor.net\/radio\/wp-json\/wp\/v2\/categories?post=11817"},{"taxonomy":"post_tag","embeddable":true,"href":"https:\/\/santpedor.net\/radio\/wp-json\/wp\/v2\/tags?post=11817"}],"curies":[{"name":"wp","href":"https:\/\/api.w.org\/{rel}","templated":true}]}}