{"id":11844,"date":"2019-02-01T16:31:04","date_gmt":"2019-02-01T15:31:04","guid":{"rendered":"http:\/\/santpedor.net\/radio\/cap-de-setmana-mes-fred-i-ventos\/"},"modified":"2019-02-01T16:31:04","modified_gmt":"2019-02-01T15:31:04","slug":"cap-de-setmana-mes-fred-i-ventos","status":"publish","type":"post","link":"https:\/\/santpedor.net\/radio\/cap-de-setmana-mes-fred-i-ventos\/","title":{"rendered":"Cap de setmana m\u00e9s fred i vent\u00f3s"},"content":{"rendered":"<p>Bona tarda, aquest mat\u00ed ens ha creuat un front que ha deixat algunes pluges poc importants a la comarca que han deixat registres d\u2019entre 1 i 3 l\/m2. La tarda acabar\u00e0 amb n\u00favols passatgers empesos pel fort vent de mestral i les temperatures m\u00e0ximes s\u2019enfilaran fins als 13 o 14\u00baC al Pla de Bages. Per dem\u00e0 esperem un mat\u00ed molt m\u00e9s fred amb gla\u00e7ades a la comarca all\u00e0 on encalmi totalment el vent i les temperatures m\u00e0ximes tamb\u00e9 recularan respecte avui, dif\u00edcilment assolirem els 10\u00baC i de cara a la tarda el vent podr\u00e0 tornar a bufar amb ganes amb r\u00e0fegues de 40 a 50 km\/h a molts punts i fins i tot arribant als 60 o 70km\/h en localitats de l\u2019oest i sud-oest del Bages. No esperem pluges per\u00f2 si n\u00favols de tipus alt i mig que circularan a gran velocitat d\u2019oest a est i n\u00favols baixos arrapats a les muntanyes de bon mat\u00ed. De cara a diumenge les temperatures encara baixaran m\u00e9s amb gla\u00e7ades moderades arreu i amb un cel que es mostrar\u00e0 assolellat i amb m\u00e0ximes d\u2019entre 7 i 9\u00baC a l\u2019espera de fortes gla\u00e7ades per dilluns (m\u00ednimes de -4 a -6\u00baC) Foto: estat del cel des de Sallent aquest mat\u00ed un cop ens ha creuat el front des de ponent. L&#8217;entrada Cap de setmana m\u00e9s fred i vent\u00f3s ha aparegut primer a Ona Bages.<\/p>\n","protected":false},"excerpt":{"rendered":"<p>Bona tarda, aquest mat\u00ed ens ha creuat un front que ha deixat algunes pluges poc importants a la comarca que han deixat registres d\u2019entre 1 i 3 l\/m2. La tarda acabar\u00e0 amb n\u00favols passatgers empesos pel fort vent de mestral i les temperatures m\u00e0ximes s\u2019enfilaran fins als 13 o 14\u00baC al Pla de Bages. Per [&hellip;]<\/p>\n","protected":false},"author":9,"featured_media":11845,"comment_status":"false","ping_status":"closed","sticky":false,"template":"","format":"standard","meta":{"footnotes":""},"categories":[768],"tags":[113],"class_list":{"0":"post-11844","1":"post","2":"type-post","3":"status-publish","4":"format-standard","5":"has-post-thumbnail","7":"category-el-temps","8":"tag-santpedor"},"_links":{"self":[{"href":"https:\/\/santpedor.net\/radio\/wp-json\/wp\/v2\/posts\/11844","targetHints":{"allow":["GET"]}}],"collection":[{"href":"https:\/\/santpedor.net\/radio\/wp-json\/wp\/v2\/posts"}],"about":[{"href":"https:\/\/santpedor.net\/radio\/wp-json\/wp\/v2\/types\/post"}],"author":[{"embeddable":true,"href":"https:\/\/santpedor.net\/radio\/wp-json\/wp\/v2\/users\/9"}],"replies":[{"embeddable":true,"href":"https:\/\/santpedor.net\/radio\/wp-json\/wp\/v2\/comments?post=11844"}],"version-history":[{"count":0,"href":"https:\/\/santpedor.net\/radio\/wp-json\/wp\/v2\/posts\/11844\/revisions"}],"wp:featuredmedia":[{"embeddable":true,"href":"https:\/\/santpedor.net\/radio\/wp-json\/wp\/v2\/media\/11845"}],"wp:attachment":[{"href":"https:\/\/santpedor.net\/radio\/wp-json\/wp\/v2\/media?parent=11844"}],"wp:term":[{"taxonomy":"category","embeddable":true,"href":"https:\/\/santpedor.net\/radio\/wp-json\/wp\/v2\/categories?post=11844"},{"taxonomy":"post_tag","embeddable":true,"href":"https:\/\/santpedor.net\/radio\/wp-json\/wp\/v2\/tags?post=11844"}],"curies":[{"name":"wp","href":"https:\/\/api.w.org\/{rel}","templated":true}]}}