{"id":1187,"date":"2012-02-01T08:43:44","date_gmt":"2012-02-01T08:43:44","guid":{"rendered":"http:\/\/radio.santpedor.net\/wp\/?p=1187"},"modified":"2012-02-01T08:43:44","modified_gmt":"2012-02-01T08:43:44","slug":"els-santpedorencs-surten-a-celebrar-el-carnaval-pel-poble","status":"publish","type":"post","link":"https:\/\/santpedor.net\/radio\/els-santpedorencs-surten-a-celebrar-el-carnaval-pel-poble\/","title":{"rendered":"Els Santpedorencs surten a celebrar el carnaval pel poble"},"content":{"rendered":"<p>Un any m\u00e9s arriba el carnaval i els ve\u00efns del poble surten al carrer a celebrar-ho. Ahir dissabte a dos quarts de set de la tarda es van concentrar les comparses, carrosses i persones disfressades a la Ronda de Sant Pere on va comen\u00e7ar la Rua de Carnestoltes, que va transc\u00f3rrer dins un ambient festiu i alegre fins al carrer N\u00faria on el rei Leru Leru va llegir el preg\u00f3. M\u00e9s tard a Cal Llovet va tindre lloc la botifarrada, organitzada per l&#8217;esplai Geps, que va ser l&#8217;entrant per el gran ball de Carnestoltes que va amanir tota la nit, a c\u00e0rrec de Dj Turtu i Top Secret, nom\u00e9s interromput per al lliurament de premis a la mitra part. Avui diumenge arriba el torn dels m\u00e9s petits amb el carnestoltes infantil. La concentraci\u00f3 tindr\u00e0 lloc a dos quarts de cinc de la tarda a la Pla\u00e7a Gran i la cercavila recorrer\u00e0 els carrers del poble fins arribar a Cal Llovet on el grup d&#8217;animaci\u00f3 La Sal dels Mars agafar\u00e0 el relleu de la festa per entretenir els m\u00e9s menuts la resta del dia.<\/p>\n","protected":false},"excerpt":{"rendered":"<p>Un any m\u00e9s arriba el carnaval i els ve\u00efns del poble surten al carrer a celebrar-ho. Ahir dissabte a dos quarts de set de la tarda es van concentrar les comparses, carrosses i persones disfressades a la Ronda de Sant Pere on va comen\u00e7ar la Rua de Carnestoltes, que va transc\u00f3rrer dins un ambient festiu [&hellip;]<\/p>\n","protected":false},"author":1,"featured_media":0,"comment_status":"open","ping_status":"open","sticky":false,"template":"","format":"standard","meta":{"footnotes":""},"categories":[3],"tags":[15,16],"class_list":{"0":"post-1187","1":"post","2":"type-post","3":"status-publish","4":"format-standard","6":"category-noticies","7":"tag-cal-llovet","8":"tag-carnestoltes"},"_links":{"self":[{"href":"https:\/\/santpedor.net\/radio\/wp-json\/wp\/v2\/posts\/1187","targetHints":{"allow":["GET"]}}],"collection":[{"href":"https:\/\/santpedor.net\/radio\/wp-json\/wp\/v2\/posts"}],"about":[{"href":"https:\/\/santpedor.net\/radio\/wp-json\/wp\/v2\/types\/post"}],"author":[{"embeddable":true,"href":"https:\/\/santpedor.net\/radio\/wp-json\/wp\/v2\/users\/1"}],"replies":[{"embeddable":true,"href":"https:\/\/santpedor.net\/radio\/wp-json\/wp\/v2\/comments?post=1187"}],"version-history":[{"count":0,"href":"https:\/\/santpedor.net\/radio\/wp-json\/wp\/v2\/posts\/1187\/revisions"}],"wp:attachment":[{"href":"https:\/\/santpedor.net\/radio\/wp-json\/wp\/v2\/media?parent=1187"}],"wp:term":[{"taxonomy":"category","embeddable":true,"href":"https:\/\/santpedor.net\/radio\/wp-json\/wp\/v2\/categories?post=1187"},{"taxonomy":"post_tag","embeddable":true,"href":"https:\/\/santpedor.net\/radio\/wp-json\/wp\/v2\/tags?post=1187"}],"curies":[{"name":"wp","href":"https:\/\/api.w.org\/{rel}","templated":true}]}}