{"id":11890,"date":"2019-02-24T18:24:18","date_gmt":"2019-02-24T17:24:18","guid":{"rendered":"http:\/\/santpedor.net\/radio\/lanticiclo-sentossudeix\/"},"modified":"2022-11-24T21:07:10","modified_gmt":"2022-11-24T20:07:10","slug":"lanticiclo-sentossudeix","status":"publish","type":"post","link":"https:\/\/santpedor.net\/radio\/lanticiclo-sentossudeix\/","title":{"rendered":"L\u2019anticicl\u00f3 s\u2019entossudeix"},"content":{"rendered":"<p>Continuem amb un anticicl\u00f3 que es mostra implacable\u2026 les temperatures se situen for\u00e7a per sobre del que \u00e9s habitual per l\u2019\u00e8poca i continuem amb contrastos molt marcats en les temperatures entre la nit i el dia. Avui hem tingut m\u00ednimes d\u2019entre 0 i 2\u00baC a moltes poblacions i les m\u00e0ximes s\u2019han enfilat fins als 19 o 20\u00baC i el sol ha estat el gran dominador. La situaci\u00f3 no vol canviar ni a mitj\u00e0 ni a llarg termini\u2026 de cara a inicis de setmana temperatures fredes al mat\u00ed per\u00f2 amb migdies i tardes amb molta bonan\u00e7a amb valors de nou fregant els 20\u00bac en diferents localitats. Aquesta situaci\u00f3 es pot allargar al menys 10 dies m\u00e9s.. Foto: Ametller florit aquesta tarda. Castellnou de bages L&#8217;entrada L\u2019anticicl\u00f3 s\u2019entossudeix ha aparegut primer a Ona Bages.<\/p>\n","protected":false},"excerpt":{"rendered":"<p>Continuem amb un anticicl\u00f3 que es mostra implacable\u2026 les temperatures se situen for\u00e7a per sobre del que \u00e9s habitual per l\u2019\u00e8poca i continuem amb contrastos molt marcats en les temperatures entre la nit i el dia. Avui hem tingut m\u00ednimes d\u2019entre 0 i 2\u00baC a moltes poblacions i les m\u00e0ximes s\u2019han enfilat fins als 19 [&hellip;]<\/p>\n","protected":false},"author":9,"featured_media":11891,"comment_status":"closed","ping_status":"closed","sticky":false,"template":"","format":"audio","meta":{"footnotes":""},"categories":[768],"tags":[113],"class_list":{"0":"post-11890","1":"post","2":"type-post","3":"status-publish","4":"format-audio","5":"has-post-thumbnail","7":"category-el-temps","8":"tag-santpedor","9":"post_format-post-format-audio"},"_links":{"self":[{"href":"https:\/\/santpedor.net\/radio\/wp-json\/wp\/v2\/posts\/11890","targetHints":{"allow":["GET"]}}],"collection":[{"href":"https:\/\/santpedor.net\/radio\/wp-json\/wp\/v2\/posts"}],"about":[{"href":"https:\/\/santpedor.net\/radio\/wp-json\/wp\/v2\/types\/post"}],"author":[{"embeddable":true,"href":"https:\/\/santpedor.net\/radio\/wp-json\/wp\/v2\/users\/9"}],"replies":[{"embeddable":true,"href":"https:\/\/santpedor.net\/radio\/wp-json\/wp\/v2\/comments?post=11890"}],"version-history":[{"count":0,"href":"https:\/\/santpedor.net\/radio\/wp-json\/wp\/v2\/posts\/11890\/revisions"}],"wp:featuredmedia":[{"embeddable":true,"href":"https:\/\/santpedor.net\/radio\/wp-json\/wp\/v2\/media\/11891"}],"wp:attachment":[{"href":"https:\/\/santpedor.net\/radio\/wp-json\/wp\/v2\/media?parent=11890"}],"wp:term":[{"taxonomy":"category","embeddable":true,"href":"https:\/\/santpedor.net\/radio\/wp-json\/wp\/v2\/categories?post=11890"},{"taxonomy":"post_tag","embeddable":true,"href":"https:\/\/santpedor.net\/radio\/wp-json\/wp\/v2\/tags?post=11890"}],"curies":[{"name":"wp","href":"https:\/\/api.w.org\/{rel}","templated":true}]}}