{"id":12028,"date":"2019-06-03T16:52:39","date_gmt":"2019-06-03T14:52:39","guid":{"rendered":"https:\/\/santpedor.net\/radio\/?p=12028"},"modified":"2019-06-03T17:24:32","modified_gmt":"2019-06-03T15:24:32","slug":"les-escoles-de-musica-de-santpedor-i-callus-faran-conjuntament-el-musical-sonrisas-y-lagrimas","status":"publish","type":"post","link":"https:\/\/santpedor.net\/radio\/les-escoles-de-musica-de-santpedor-i-callus-faran-conjuntament-el-musical-sonrisas-y-lagrimas\/","title":{"rendered":"Les Escoles de M\u00fasica de Santpedor i Call\u00fas faran conjuntament el musical \u2018Sonrisas y l\u00e1grimas\u2019"},"content":{"rendered":"\n<h3 class=\"wp-block-heading\">\u00c9s una iniciativa perqu\u00e8 els alumnes agafin experi\u00e8ncia en un entorn semi-professional<\/h3>\n\n\n\n<p>Alumnes de les Escoles Municipals de M\u00fasica de Santpedor i Call\u00fas organitzen de forma conjunta el musical &#8216;El So de la M\u00fasica&#8217;, m\u00e9s conegut a Espanya com a &#8216;Sonrisas y l\u00e1grimas&#8217;.<\/p>\n\n\n\n<p>Hi haur\u00e0 cantants, membres de les corals, i instrumentistes, la majoria d\u2019ells nens i adolescents a partir de 8 anys. El musical \u00e9s una forma perqu\u00e8 els alumnes &#8220;guanyin experi\u00e8ncia en un entorn m\u00e9s professional i en un projecte fet de principi a final&#8221;, i, a m\u00e9s, \u00e9s la recompensa a la feina feta al llarg del curs, tal i com ha explicat a Ona Bages la directora del musical i mestra de les dues escoles, Bel\u00e9n Barnaus.<\/p>\n\n\n\n<p>El dissabte 15 de juny el musical es representar\u00e0 a partir de les 19h i el diumenge 16 a les 11h, a Cal Llovet, Santpedor. Tamb\u00e9 hi haur\u00e0 dues representacions a Call\u00fas, en aquest cas els dies 22 i 23 de juny, igualment a les 19h i a les 11h respectivament.<\/p>\n\n\n\n<p>El musical &#8216;El So de la M\u00fasica&#8217; (en castell\u00e0 &#8216;Sonrisas y l\u00e1grimas) est\u00e0 basat en la pel\u00b7l\u00edcula estatunidenca de Robert Wise estrenada el 1965 amb aquest nom. I que al seu torn est\u00e0 basada en el llibre de Maria Augusta Trapp, <em>La Familia Trapp<\/em> i en el musical hom\u00f2nim. <\/p>\n\n\n<p><!--EndFragment--><br \/><br \/><\/p>","protected":false},"excerpt":{"rendered":"<p>\u00c9s una iniciativa perqu\u00e8 els alumnes agafin experi\u00e8ncia en un entorn semi-professional Alumnes de les Escoles Municipals de M\u00fasica de Santpedor i Call\u00fas organitzen de forma conjunta el musical &#8216;El So de la M\u00fasica&#8217;, m\u00e9s conegut a Espanya com a &#8216;Sonrisas y l\u00e1grimas&#8217;. Hi haur\u00e0 cantants, membres de les corals, i instrumentistes, la majoria d\u2019ells [&hellip;]<\/p>\n","protected":false},"author":6,"featured_media":12030,"comment_status":"open","ping_status":"closed","sticky":false,"template":"","format":"standard","meta":{"footnotes":""},"categories":[3,137],"tags":[],"class_list":{"0":"post-12028","1":"post","2":"type-post","3":"status-publish","4":"format-standard","5":"has-post-thumbnail","7":"category-noticies","8":"category-societat"},"_links":{"self":[{"href":"https:\/\/santpedor.net\/radio\/wp-json\/wp\/v2\/posts\/12028","targetHints":{"allow":["GET"]}}],"collection":[{"href":"https:\/\/santpedor.net\/radio\/wp-json\/wp\/v2\/posts"}],"about":[{"href":"https:\/\/santpedor.net\/radio\/wp-json\/wp\/v2\/types\/post"}],"author":[{"embeddable":true,"href":"https:\/\/santpedor.net\/radio\/wp-json\/wp\/v2\/users\/6"}],"replies":[{"embeddable":true,"href":"https:\/\/santpedor.net\/radio\/wp-json\/wp\/v2\/comments?post=12028"}],"version-history":[{"count":0,"href":"https:\/\/santpedor.net\/radio\/wp-json\/wp\/v2\/posts\/12028\/revisions"}],"wp:featuredmedia":[{"embeddable":true,"href":"https:\/\/santpedor.net\/radio\/wp-json\/wp\/v2\/media\/12030"}],"wp:attachment":[{"href":"https:\/\/santpedor.net\/radio\/wp-json\/wp\/v2\/media?parent=12028"}],"wp:term":[{"taxonomy":"category","embeddable":true,"href":"https:\/\/santpedor.net\/radio\/wp-json\/wp\/v2\/categories?post=12028"},{"taxonomy":"post_tag","embeddable":true,"href":"https:\/\/santpedor.net\/radio\/wp-json\/wp\/v2\/tags?post=12028"}],"curies":[{"name":"wp","href":"https:\/\/api.w.org\/{rel}","templated":true}]}}