{"id":12033,"date":"2019-06-04T09:31:44","date_gmt":"2019-06-04T07:31:44","guid":{"rendered":"https:\/\/santpedor.net\/radio\/?p=12033"},"modified":"2019-06-04T10:32:11","modified_gmt":"2019-06-04T08:32:11","slug":"tots-pendents-de-la-cup-a-santpedor","status":"publish","type":"post","link":"https:\/\/santpedor.net\/radio\/tots-pendents-de-la-cup-a-santpedor\/","title":{"rendered":"Tots pendents de la CUP a Santpedor"},"content":{"rendered":"\n<h3 class=\"wp-block-heading\">Els cupaires tenen la clau pel govern municipal en la majoria de les possibilitats factibles<\/h3>\n\n\n\n<p>Ha passat m\u00e9s d&#8217;una setmana de les eleccions municipals de Santpedor i encara no hi ha govern municipal. Hi ha hagut converses informals entre les formacions que han entrat a l&#8217;Ajuntament per\u00f2 cap decisi\u00f3, ni tan sols proposta, en ferm. I \u00e9s que els resultats de les eleccions han deixat un panorama for\u00e7a atomitzat al consistori, amb fins a cinc grups pol\u00edtics diferents -una situaci\u00f3 que no es donava des del 1979-. La majoria absoluta d&#8217;Esquerra Republicana ja \u00e9s hist\u00f2ria i <strong>les matem\u00e0tiques donen ara un pes molt rellevant a la CUP a l&#8217;hora de formar un futur govern municipal<\/strong>.<\/p>\n\n\n\n<p>Existeixen cinc possibilitats per formar a govern a Santpedor, de les quals una ja s&#8217;ha descartat i l&#8217;altra sembla altament improbable. <\/p>\n\n\n\n<p>L&#8217;opci\u00f3 que <strong>sembla impossible \u00e9s que Esquerra pacti un govern amb Progr\u00e9s Municipal<\/strong> -sumarien 7 de 13 regidors-. Els de Ferran Tarazona, tot i haver subratllat en campanya que estan formats en gran part per independents i que s&#8217;allunyen de la pol\u00edtica general, estan vinculats al PSC, i Xavier Codina ja va dir en campanya que l&#8217;\u00fanica l\u00ednia vermella a l&#8217;hora de pactar serien els partits que van avalar el 155.<\/p>\n\n\n\n<p><strong>Tamb\u00e9 hi ha la possibilitat d&#8217;un pacte d&#8217;ERC amb Junts per Santpedor<\/strong>.\n Totes dues forces farien una majoria folgada de 8 regidors, i les elits\n dels dos partits a nivell nacional han donat consignes de buscar pactes\n entre ells als municipis. Per\u00f2 seguint la in\u00e8rcia de la campanya \nelectoral i de l&#8217;\u00faltima legislatura, en qu\u00e8 Antoni Puiggr\u00f2s ha exercit \nde cap de la oposici\u00f3 tots dos podrien prioritzar altres aliances. \n\n<\/p>\n\n\n\n<p>La tercera opci\u00f3, i a dia d&#8217;avui potser la m\u00e9s factible, <strong>\u00e9s un govern d&#8217;Esquerra en minoria<\/strong>. Els republicans haurien de buscar acords puntuals amb els diferents grups per tirar endavant les seves propostes, per\u00f2 governarien en solitari.<\/p>\n\n\n\n<p>Hi ha una alternativa en qu\u00e8 <strong>Xavier Codina no seria alcalde. Seria si Junts per Santpedor pact\u00e9s amb Progr\u00e9s Municipal i la CUP<\/strong>. Sembla una opci\u00f3 remota, sobretot tenint en compte les difer\u00e8ncies ideol\u00f2giques amb la CUP, per\u00f2 tant Junts per Santpedor com Progr\u00e9s Municipal han deixat oberta aquesta possibilitat, que permetria tombar el govern d&#8217;ERC.<\/p>\n\n\n\n<p>Per \u00faltim, cal contemplar <strong>la possibilitat que Esquerra faci govern amb la CUP<\/strong>. Una opci\u00f3 que tamb\u00e9 \u00e9s viable tenint en compte que es tracta de dues formacions pr\u00f2ximes ideol\u00f2gicament. La veritat, per\u00f2, \u00e9s que la CUP s&#8217;ha mostrat molt cr\u00edtica amb l&#8217;actual equip de govern i sembla complicat que arribin a una entesa per unir-s&#8217;hi.<\/p>\n\n\n\n<p>\nAix\u00ed doncs, l&#8217;expectativa del futur govern municipal cau, en gran mesura, en <strong>la CUP, que avui al vespre far\u00e0 una nova assemblea<\/strong>\n per extreure una posici\u00f3 unit\u00e0ria en aquest sentit. Una reuni\u00f3 oberta a\n tothom, que es far\u00e0 avui a les 20h a la Placeta del Born, i que \nseguiran molt de prop la resta de forces pol\u00edtiques.\n\n<\/p>\n","protected":false},"excerpt":{"rendered":"<p>Els cupaires tenen la clau pel govern municipal en la majoria de les possibilitats factibles Ha passat m\u00e9s d&#8217;una setmana de les eleccions municipals de Santpedor i encara no hi ha govern municipal. Hi ha hagut converses informals entre les formacions que han entrat a l&#8217;Ajuntament per\u00f2 cap decisi\u00f3, ni tan sols proposta, en ferm. [&hellip;]<\/p>\n","protected":false},"author":6,"featured_media":12034,"comment_status":"open","ping_status":"closed","sticky":false,"template":"","format":"standard","meta":{"footnotes":""},"categories":[3,136],"tags":[],"class_list":{"0":"post-12033","1":"post","2":"type-post","3":"status-publish","4":"format-standard","5":"has-post-thumbnail","7":"category-noticies","8":"category-politica-i-economia"},"_links":{"self":[{"href":"https:\/\/santpedor.net\/radio\/wp-json\/wp\/v2\/posts\/12033","targetHints":{"allow":["GET"]}}],"collection":[{"href":"https:\/\/santpedor.net\/radio\/wp-json\/wp\/v2\/posts"}],"about":[{"href":"https:\/\/santpedor.net\/radio\/wp-json\/wp\/v2\/types\/post"}],"author":[{"embeddable":true,"href":"https:\/\/santpedor.net\/radio\/wp-json\/wp\/v2\/users\/6"}],"replies":[{"embeddable":true,"href":"https:\/\/santpedor.net\/radio\/wp-json\/wp\/v2\/comments?post=12033"}],"version-history":[{"count":0,"href":"https:\/\/santpedor.net\/radio\/wp-json\/wp\/v2\/posts\/12033\/revisions"}],"wp:featuredmedia":[{"embeddable":true,"href":"https:\/\/santpedor.net\/radio\/wp-json\/wp\/v2\/media\/12034"}],"wp:attachment":[{"href":"https:\/\/santpedor.net\/radio\/wp-json\/wp\/v2\/media?parent=12033"}],"wp:term":[{"taxonomy":"category","embeddable":true,"href":"https:\/\/santpedor.net\/radio\/wp-json\/wp\/v2\/categories?post=12033"},{"taxonomy":"post_tag","embeddable":true,"href":"https:\/\/santpedor.net\/radio\/wp-json\/wp\/v2\/tags?post=12033"}],"curies":[{"name":"wp","href":"https:\/\/api.w.org\/{rel}","templated":true}]}}