{"id":12043,"date":"2019-06-05T19:27:25","date_gmt":"2019-06-05T17:27:25","guid":{"rendered":"https:\/\/santpedor.net\/radio\/?p=12043"},"modified":"2019-06-05T19:27:27","modified_gmt":"2019-06-05T17:27:27","slug":"xavier-codina-tornara-a-ser-alcalde-de-santpedor","status":"publish","type":"post","link":"https:\/\/santpedor.net\/radio\/xavier-codina-tornara-a-ser-alcalde-de-santpedor\/","title":{"rendered":"Xavier Codina tornar\u00e0 a ser alcalde de Santpedor"},"content":{"rendered":"\n<h3 class=\"wp-block-heading\">La CUP va decidir ahir en assemblea tancar la porta a un possible pacte amb Junts per Santpedor i Progr\u00e9s Municipal per tombar el govern de Xavier Codina a Santpedor. Per tant, totes les vies possibles per formar govern ara passen per ERC<\/h3>\n\n\n\n<p>Xavier Codina repetir\u00e0 com a alcalde de Santpedor. La CUP va decidir ahir en assemblea no considerar una possible alian\u00e7a amb Progr\u00e9s Municipal i Junts per Santpedor per fer fora Esquerra Republicana del govern. I ara el que falta saber \u00e9s si ERC pactar\u00e0 per formar govern o b\u00e9 manar\u00e0 en minoria.<\/p>\n\n\n\n<p>Els cupaires, per\u00f2, encara no han decidit si intentar pactar un govern municipal amb Esquerra o quedar-se a l\u2019oposici\u00f3. Ahir ho van discutir en una assemblea oberta d\u2019on no en va sortir una posici\u00f3 clara. La decisi\u00f3, sigui quina sigui, ser\u00e0 consensuada en assemblea entre els membres i votants del partit en els propers dies. Val a dir que tot i no haver tingut representaci\u00f3 a l&#8217;Ajuntament en l&#8217;\u00faltima legislatura (al 2015 van decidir no presentar-se a les eleccions), la CUP ha estat molt activa fent propostes i participant de la vida pol\u00edtica del poble des del carrer en els darrers anys. En alguns casos amb topades o moments de tensi\u00f3 amb l&#8217;actual equip de govern en funcions, com \u00e9s el cas de la reivindicaci\u00f3 per la municipalitzaci\u00f3 de l&#8217;escola bressol Els Gallarets.<\/p>\n\n\n\n<p>Per altra banda, ERC tamb\u00e9 est\u00e0 en converses amb Junts per Santpedor, amb qui tamb\u00e9 podrien formar govern. I si no hi hagu\u00e9s acord ni amb ells ni amb la CUP, governarien en minoria. S\u00f3n les tres possibilitats que queden obertes a dia d\u2019avui. <\/p>\n\n\n<p><!--EndFragment--><br>\n<br>\n<\/p>","protected":false},"excerpt":{"rendered":"<p>La CUP va decidir ahir en assemblea tancar la porta a un possible pacte amb Junts per Santpedor i Progr\u00e9s Municipal per tombar el govern de Xavier Codina a Santpedor. Per tant, totes les vies possibles per formar govern ara passen per ERC Xavier Codina repetir\u00e0 com a alcalde de Santpedor. La CUP va decidir [&hellip;]<\/p>\n","protected":false},"author":6,"featured_media":12044,"comment_status":"open","ping_status":"closed","sticky":false,"template":"","format":"standard","meta":{"footnotes":""},"categories":[3,136],"tags":[],"class_list":{"0":"post-12043","1":"post","2":"type-post","3":"status-publish","4":"format-standard","5":"has-post-thumbnail","7":"category-noticies","8":"category-politica-i-economia"},"_links":{"self":[{"href":"https:\/\/santpedor.net\/radio\/wp-json\/wp\/v2\/posts\/12043","targetHints":{"allow":["GET"]}}],"collection":[{"href":"https:\/\/santpedor.net\/radio\/wp-json\/wp\/v2\/posts"}],"about":[{"href":"https:\/\/santpedor.net\/radio\/wp-json\/wp\/v2\/types\/post"}],"author":[{"embeddable":true,"href":"https:\/\/santpedor.net\/radio\/wp-json\/wp\/v2\/users\/6"}],"replies":[{"embeddable":true,"href":"https:\/\/santpedor.net\/radio\/wp-json\/wp\/v2\/comments?post=12043"}],"version-history":[{"count":0,"href":"https:\/\/santpedor.net\/radio\/wp-json\/wp\/v2\/posts\/12043\/revisions"}],"wp:featuredmedia":[{"embeddable":true,"href":"https:\/\/santpedor.net\/radio\/wp-json\/wp\/v2\/media\/12044"}],"wp:attachment":[{"href":"https:\/\/santpedor.net\/radio\/wp-json\/wp\/v2\/media?parent=12043"}],"wp:term":[{"taxonomy":"category","embeddable":true,"href":"https:\/\/santpedor.net\/radio\/wp-json\/wp\/v2\/categories?post=12043"},{"taxonomy":"post_tag","embeddable":true,"href":"https:\/\/santpedor.net\/radio\/wp-json\/wp\/v2\/tags?post=12043"}],"curies":[{"name":"wp","href":"https:\/\/api.w.org\/{rel}","templated":true}]}}