{"id":12049,"date":"2019-06-12T21:06:29","date_gmt":"2019-06-12T19:06:29","guid":{"rendered":"https:\/\/santpedor.net\/radio\/?p=12049"},"modified":"2019-06-12T21:11:16","modified_gmt":"2019-06-12T19:11:16","slug":"fina-rodriguez-plega-de-regidora-per-progres-municipal","status":"publish","type":"post","link":"https:\/\/santpedor.net\/radio\/fina-rodriguez-plega-de-regidora-per-progres-municipal\/","title":{"rendered":"Fina Rodr\u00edguez plega de regidora de Progr\u00e9s Municipal"},"content":{"rendered":"\n<h3 class=\"wp-block-heading\">Ha anunciat la seva ren\u00fancia avui en l&#8217;\u00faltim ple de la legislatura, en qu\u00e8 tamb\u00e9 s&#8217;han acomiadat fins a sis regidors m\u00e9s, de tots els partits, que no repetiran a partir de la setmana que ve<\/h3>\n\n\n\n<p>Estava previst que l&#8217;\u00faltim ple de la legislatura de Santpedor, que s&#8217;ha celebrat avui a la Capella de Sant Andreu, fos b\u00e0sicament un ple de comiats dels sis regidors que ja es sabia que no repetiran a la seg\u00fcent legislatura. A l&#8217;hora dels ad\u00e9us, per\u00f2, al final tamb\u00e9 s&#8217;hi ha afegit Fina Rodr\u00edguez, fins ara cap de Progr\u00e9s Municipal, i que ara anava de segona.<\/p>\n\n\n\n<p>En total Rodr\u00edguez ha estat 8 anys a l&#8217;Ajuntament. Els primers dos com a regidora de Benestar Social a l&#8217;equip de govern, que aleshores liderava Laura Vilagr\u00e0 a trav\u00e9s d&#8217;un pacte amb Progr\u00e9s Municipal. A finals de 2013, per\u00f2, discrep\u00e0ncies internes van motivar l&#8217;expulsi\u00f3 de Rodr\u00edguez del govern municipal i va passar a l&#8217;oposici\u00f3, on ha seguit fins ara. Els motius de la seva ren\u00fancia s\u00f3n de car\u00e0cter personal i per temes de salut, tot i que ha volgut deixar clar que no t\u00e9 &#8220;res greu&#8221; i que &#8220;toca que vinguin uns altres amb tanta o m\u00e9s empenta a continuar la feina feta&#8221;. El seu lloc l&#8217;ocupar\u00e0 Rosa P\u00e9rez Planell, n\u00famero tres a la llista, i que acompanyar\u00e0 a Ferran Tarazona.<\/p>\n\n\n\n<p>\nA banda de l&#8217;ad\u00e9u de Fina Rodr\u00edguez hi ha hagut m\u00e9s comiats, en aquest \ncas previstos, ja fos perqu\u00e8 no es van presentar a les llistes per les \neleccions del 26 de maig o perqu\u00e8 hi anaven m\u00e9s endarrere del resultat \nobtingut pel seu partit. \u00c9s el cas del seu company de partit, David \nCasellas; la regidora de Junts per Santpedor, Montserrat Claret; i els \nregidors d&#8217;Esquerra Republicana, Judit Raja, Antoni Valverde, N\u00faria \nBarba i Jordi Sala.\n\n<\/p>\n\n\n\n<p>Es d\u00f3na el fet, amb l&#8217;ad\u00e9u sobtat de Fina Rodr\u00edguez, que m\u00e9s de la meitat -7 de 13- dels regidors actuals no repetiran en la propera legislatura.<\/p>\n\n\n<p><!--EndFragment--><br>\n<br>\n<\/p>","protected":false},"excerpt":{"rendered":"<p>Ha anunciat la seva ren\u00fancia avui en l&#8217;\u00faltim ple de la legislatura, en qu\u00e8 tamb\u00e9 s&#8217;han acomiadat fins a sis regidors m\u00e9s, de tots els partits, que no repetiran a partir de la setmana que ve Estava previst que l&#8217;\u00faltim ple de la legislatura de Santpedor, que s&#8217;ha celebrat avui a la Capella de Sant [&hellip;]<\/p>\n","protected":false},"author":6,"featured_media":12050,"comment_status":"open","ping_status":"closed","sticky":false,"template":"","format":"standard","meta":{"footnotes":""},"categories":[3,136],"tags":[],"class_list":{"0":"post-12049","1":"post","2":"type-post","3":"status-publish","4":"format-standard","5":"has-post-thumbnail","7":"category-noticies","8":"category-politica-i-economia"},"_links":{"self":[{"href":"https:\/\/santpedor.net\/radio\/wp-json\/wp\/v2\/posts\/12049","targetHints":{"allow":["GET"]}}],"collection":[{"href":"https:\/\/santpedor.net\/radio\/wp-json\/wp\/v2\/posts"}],"about":[{"href":"https:\/\/santpedor.net\/radio\/wp-json\/wp\/v2\/types\/post"}],"author":[{"embeddable":true,"href":"https:\/\/santpedor.net\/radio\/wp-json\/wp\/v2\/users\/6"}],"replies":[{"embeddable":true,"href":"https:\/\/santpedor.net\/radio\/wp-json\/wp\/v2\/comments?post=12049"}],"version-history":[{"count":0,"href":"https:\/\/santpedor.net\/radio\/wp-json\/wp\/v2\/posts\/12049\/revisions"}],"wp:featuredmedia":[{"embeddable":true,"href":"https:\/\/santpedor.net\/radio\/wp-json\/wp\/v2\/media\/12050"}],"wp:attachment":[{"href":"https:\/\/santpedor.net\/radio\/wp-json\/wp\/v2\/media?parent=12049"}],"wp:term":[{"taxonomy":"category","embeddable":true,"href":"https:\/\/santpedor.net\/radio\/wp-json\/wp\/v2\/categories?post=12049"},{"taxonomy":"post_tag","embeddable":true,"href":"https:\/\/santpedor.net\/radio\/wp-json\/wp\/v2\/tags?post=12049"}],"curies":[{"name":"wp","href":"https:\/\/api.w.org\/{rel}","templated":true}]}}