{"id":12053,"date":"2019-06-15T19:49:47","date_gmt":"2019-06-15T17:49:47","guid":{"rendered":"https:\/\/santpedor.net\/radio\/?p=12053"},"modified":"2019-06-15T19:51:18","modified_gmt":"2019-06-15T17:51:18","slug":"xavier-codina-esten-la-ma-a-la-resta-de-forces-en-la-constitucio-del-nou-govern-de-santpedor-amb-jxs","status":"publish","type":"post","link":"https:\/\/santpedor.net\/radio\/xavier-codina-esten-la-ma-a-la-resta-de-forces-en-la-constitucio-del-nou-govern-de-santpedor-amb-jxs\/","title":{"rendered":"Xavier Codina est\u00e9n la m\u00e0 a la resta de forces en la constituci\u00f3 del nou govern de Santpedor amb JxS"},"content":{"rendered":"\n<h3 class=\"wp-block-heading\">Esquerra Republicana constitueix govern a Santpedor amb JxS, i Antoni Puiggr\u00f2s de 2n tinent d&#8217;alcalde<\/h3>\n\n\n\n<p>La constituci\u00f3 de l&#8217;Ajuntament a Santpedor ha consolidat el pacte que ahir ja van anunciar Esquerra Republicana i Junts per Santpedor per governar els propers quatre anys. En una capella de Sant Andreu plena a vessar, Xavier Codina va ser proclamat alcalde per segon mandat consecutiu.<\/p>\n\n\n\n<p>Un mandat que podr\u00e0 governar amb majoria gr\u00e0cies al pacte amb Junts per Santpedor, amb qui sumaran un total de 8 regidors (i un 60% dels vots). En el seu parlament, Codina ha assegurat que tots dos partits faran un govern fort per tirar endavant un bon projecte pel poble,  i ha est\u00e8s la m\u00e0 a la resta de forces per &#8220;arribar a consensos&#8221;. . Antoni Puiggr\u00f2s, portaveu de Junts per Santpedor i des d&#8217;avui 2n tinent d&#8217;alcalde, tamb\u00e9 ha ressaltat el valor de l&#8217;acord i ha subratllat que els permetr\u00e0 tirar endavant propostes que des del seu grup porten temps reivindicant.<\/p>\n\n\n\n<p>Per altra banda, tots els portaveus de la oposici\u00f3 han destacat la seva voluntat de fer una oposici\u00f3 cr\u00edtica i amatent per\u00f2 constructiva, que permeti tirar endavant bones pol\u00edtiques pel poble.<\/p>\n\n\n\n<p><\/p>\n\n\n\n<p><\/p>\n","protected":false},"excerpt":{"rendered":"<p>Esquerra Republicana constitueix govern a Santpedor amb JxS, i Antoni Puiggr\u00f2s de 2n tinent d&#8217;alcalde La constituci\u00f3 de l&#8217;Ajuntament a Santpedor ha consolidat el pacte que ahir ja van anunciar Esquerra Republicana i Junts per Santpedor per governar els propers quatre anys. En una capella de Sant Andreu plena a vessar, Xavier Codina va ser [&hellip;]<\/p>\n","protected":false},"author":6,"featured_media":12054,"comment_status":"open","ping_status":"closed","sticky":false,"template":"","format":"standard","meta":{"footnotes":""},"categories":[3,136],"tags":[],"class_list":{"0":"post-12053","1":"post","2":"type-post","3":"status-publish","4":"format-standard","5":"has-post-thumbnail","7":"category-noticies","8":"category-politica-i-economia"},"_links":{"self":[{"href":"https:\/\/santpedor.net\/radio\/wp-json\/wp\/v2\/posts\/12053","targetHints":{"allow":["GET"]}}],"collection":[{"href":"https:\/\/santpedor.net\/radio\/wp-json\/wp\/v2\/posts"}],"about":[{"href":"https:\/\/santpedor.net\/radio\/wp-json\/wp\/v2\/types\/post"}],"author":[{"embeddable":true,"href":"https:\/\/santpedor.net\/radio\/wp-json\/wp\/v2\/users\/6"}],"replies":[{"embeddable":true,"href":"https:\/\/santpedor.net\/radio\/wp-json\/wp\/v2\/comments?post=12053"}],"version-history":[{"count":0,"href":"https:\/\/santpedor.net\/radio\/wp-json\/wp\/v2\/posts\/12053\/revisions"}],"wp:featuredmedia":[{"embeddable":true,"href":"https:\/\/santpedor.net\/radio\/wp-json\/wp\/v2\/media\/12054"}],"wp:attachment":[{"href":"https:\/\/santpedor.net\/radio\/wp-json\/wp\/v2\/media?parent=12053"}],"wp:term":[{"taxonomy":"category","embeddable":true,"href":"https:\/\/santpedor.net\/radio\/wp-json\/wp\/v2\/categories?post=12053"},{"taxonomy":"post_tag","embeddable":true,"href":"https:\/\/santpedor.net\/radio\/wp-json\/wp\/v2\/tags?post=12053"}],"curies":[{"name":"wp","href":"https:\/\/api.w.org\/{rel}","templated":true}]}}