{"id":12056,"date":"2019-06-22T14:47:13","date_gmt":"2019-06-22T12:47:13","guid":{"rendered":"https:\/\/santpedor.net\/radio\/?p=12056"},"modified":"2019-06-22T14:47:14","modified_gmt":"2019-06-22T12:47:14","slug":"santpedor-encetara-la-revetlla-de-sant-joan-un-any-mes-amb-la-flama-del-canigo","status":"publish","type":"post","link":"https:\/\/santpedor.net\/radio\/santpedor-encetara-la-revetlla-de-sant-joan-un-any-mes-amb-la-flama-del-canigo\/","title":{"rendered":"Santpedor encetar\u00e0 la revetlla de Sant Joan, un any m\u00e9s, amb la Flama del Canig\u00f3"},"content":{"rendered":"\n<h3 class=\"wp-block-heading\">Membres del Centre Excursionista 2&#215;2 duran la flama des del cim del Canig\u00f3 fins a Castellnou de Bages, i d&#8217;all\u00e0 voluntaris fins a Santpedor per donar inici a la festa<\/h3>\n\n\n\n<p>La Flama del Canig\u00f3 donar\u00e0 el tret de sortida als actes de la revetlla de Sant Joan a Santpedor. Sortir\u00e0 des de Castellnou de Bages diumenge a les 19h de la tarda i la portaran voluntaris de totes les edats fins a Santpedor, on est\u00e0 previst que arribi pels volts de les 21h. Amb tot, els encarregats d&#8217;encendre la flama al cim del Canig\u00f3 la mitjanit de dissabte i portar-la fins a Castellnou seran un cop m\u00e9s els esportistes del Centre Excursionista 2&#215;2. El primer tram a peu, i a partir de la Collada de Tosses en bicicleta fins al Bages.<\/p>\n\n\n\n<p>Aquest any, a m\u00e9s, amb la novetat que els portadors duran mocadors vermells i hi haur\u00e0 un nou sistema per portar el foc que inclou nous elements tecnol\u00f2gics.<\/p>\n\n\n\n<p>La Pla\u00e7a Gran de Santpedor ser\u00e0 el punt d\u2019arribada de la flama, que ser\u00e0 rebuda amb un pilar dels Castellers de Santpedor i una botifarrada popular. Despr\u00e9s de l\u2019\u00e0pat hi haur\u00e0 bingo musical a pla\u00e7a mateix i a partir de la mitjanit concert amb els 4Cat.<\/p>\n","protected":false},"excerpt":{"rendered":"<p>Membres del Centre Excursionista 2&#215;2 duran la flama des del cim del Canig\u00f3 fins a Castellnou de Bages, i d&#8217;all\u00e0 voluntaris fins a Santpedor per donar inici a la festa La Flama del Canig\u00f3 donar\u00e0 el tret de sortida als actes de la revetlla de Sant Joan a Santpedor. Sortir\u00e0 des de Castellnou de Bages [&hellip;]<\/p>\n","protected":false},"author":6,"featured_media":12057,"comment_status":"open","ping_status":"closed","sticky":false,"template":"","format":"standard","meta":{"footnotes":""},"categories":[3,137],"tags":[],"class_list":{"0":"post-12056","1":"post","2":"type-post","3":"status-publish","4":"format-standard","5":"has-post-thumbnail","7":"category-noticies","8":"category-societat"},"_links":{"self":[{"href":"https:\/\/santpedor.net\/radio\/wp-json\/wp\/v2\/posts\/12056","targetHints":{"allow":["GET"]}}],"collection":[{"href":"https:\/\/santpedor.net\/radio\/wp-json\/wp\/v2\/posts"}],"about":[{"href":"https:\/\/santpedor.net\/radio\/wp-json\/wp\/v2\/types\/post"}],"author":[{"embeddable":true,"href":"https:\/\/santpedor.net\/radio\/wp-json\/wp\/v2\/users\/6"}],"replies":[{"embeddable":true,"href":"https:\/\/santpedor.net\/radio\/wp-json\/wp\/v2\/comments?post=12056"}],"version-history":[{"count":0,"href":"https:\/\/santpedor.net\/radio\/wp-json\/wp\/v2\/posts\/12056\/revisions"}],"wp:featuredmedia":[{"embeddable":true,"href":"https:\/\/santpedor.net\/radio\/wp-json\/wp\/v2\/media\/12057"}],"wp:attachment":[{"href":"https:\/\/santpedor.net\/radio\/wp-json\/wp\/v2\/media?parent=12056"}],"wp:term":[{"taxonomy":"category","embeddable":true,"href":"https:\/\/santpedor.net\/radio\/wp-json\/wp\/v2\/categories?post=12056"},{"taxonomy":"post_tag","embeddable":true,"href":"https:\/\/santpedor.net\/radio\/wp-json\/wp\/v2\/tags?post=12056"}],"curies":[{"name":"wp","href":"https:\/\/api.w.org\/{rel}","templated":true}]}}