{"id":12060,"date":"2019-07-02T00:09:48","date_gmt":"2019-07-01T22:09:48","guid":{"rendered":"https:\/\/santpedor.net\/radio\/?p=12060"},"modified":"2019-07-02T00:22:55","modified_gmt":"2019-07-01T22:22:55","slug":"els-alumnes-de-lescola-municipal-de-musica-de-santpedor-acomiaden-el-curs-cantant-shallow-de-lady-gaga-per-la-radio","status":"publish","type":"post","link":"https:\/\/santpedor.net\/radio\/els-alumnes-de-lescola-municipal-de-musica-de-santpedor-acomiaden-el-curs-cantant-shallow-de-lady-gaga-per-la-radio\/","title":{"rendered":"Els alumnes de l&#8217;Escola Municipal de M\u00fasica de Santpedor acomiaden el curs cantant &#8216;Shallow&#8217; de Lady Gaga per la r\u00e0dio"},"content":{"rendered":"\n<h3 class=\"wp-block-heading\">Els alumnes de cant coral de l&#8217;Escola de M\u00fasica tamb\u00e9 van cantar &#8216;My favorite things&#8217; del musical &#8216;El So de la M\u00fasica&#8217;<\/h3>\n\n\n\n<p>L&#8217;\u00faltim Gronxador de l&#8217;any, el programa radiof\u00f2nic que fan els escolars de Santpedor i Castellnou, va ser m\u00e9s redu\u00eft de l&#8217;habitual perqu\u00e8 algunes escoles amb el fi de curs ja no hi van poder participar. Tot i aix\u00f2 va ser un programa ple de continguts i emotiu. Sobretot al tram final amb la interpretaci\u00f3, per part dels alumnes de cant coral de l&#8217;Escola Municipal de M\u00fasica de Santpedor, de les can\u00e7ons &#8216;My Favorite Things&#8217; del musical &#8216;El So de la M\u00fasica&#8217; que van posar en solfa fa poques setmanes; i &#8216;Shallow&#8217;, un tema de Lady Gaga profund i emotiu que ha donat la volta al m\u00f3n.<\/p>\n\n\n\n<p>A m\u00e9s, els infants del Riu d&#8217;Or van donar la benvinguda a les vacances i van explicar les activitats que la biblioteca Pare Ignasi Casanovas organitza pel juliol. I van fer un rep\u00e0s del m\u00e9s interessant d&#8217;algunes entrevistes que han fet aquest any a esportistes, m\u00fasics, o cient\u00edfics.<\/p>\n\n\n\n<p>Per altra banda, el Consell dels Infants va explicar com va ser el sopar infantil de Festa Major i el Preg\u00f3 Infantil.<\/p>\n\n\n\n<p><strong>ESCOLTA EL PROGRAMA SENCER:<\/strong><\/p>\n\n\n\n<figure><iframe loading=\"lazy\" allowfullscreen=\"\" src=\"https:\/\/www.ivoox.com\/player_ej_37835570_2_1.html?data=lJyllZqZe5Ghhpywj5eWaZS1lpmah5yncZOhhpywj5WRaZi3jpWah5yncabgjKzf0dPcpcXj05Ca1MbIrdCfxtjQ0dHFtozYxpDAw9PYtMbY0NeYy5CnpdToxtHZ0NTZcYyhhpywj7TSpYy2wszS1ZKJe6ShlQ..&amp;\" width=\"100%\" height=\"200\"><\/iframe><\/figure>\n","protected":false},"excerpt":{"rendered":"<p>Els alumnes de cant coral de l&#8217;Escola de M\u00fasica tamb\u00e9 van cantar &#8216;My favorite things&#8217; del musical &#8216;El So de la M\u00fasica&#8217; L&#8217;\u00faltim Gronxador de l&#8217;any, el programa radiof\u00f2nic que fan els escolars de Santpedor i Castellnou, va ser m\u00e9s redu\u00eft de l&#8217;habitual perqu\u00e8 algunes escoles amb el fi de curs ja no hi van [&hellip;]<\/p>\n","protected":false},"author":6,"featured_media":12061,"comment_status":"open","ping_status":"closed","sticky":false,"template":"","format":"standard","meta":{"footnotes":""},"categories":[616,3,535,137],"tags":[],"class_list":{"0":"post-12060","1":"post","2":"type-post","3":"status-publish","4":"format-standard","5":"has-post-thumbnail","7":"category-el-gronxador","8":"category-noticies","9":"category-programes","10":"category-societat"},"_links":{"self":[{"href":"https:\/\/santpedor.net\/radio\/wp-json\/wp\/v2\/posts\/12060","targetHints":{"allow":["GET"]}}],"collection":[{"href":"https:\/\/santpedor.net\/radio\/wp-json\/wp\/v2\/posts"}],"about":[{"href":"https:\/\/santpedor.net\/radio\/wp-json\/wp\/v2\/types\/post"}],"author":[{"embeddable":true,"href":"https:\/\/santpedor.net\/radio\/wp-json\/wp\/v2\/users\/6"}],"replies":[{"embeddable":true,"href":"https:\/\/santpedor.net\/radio\/wp-json\/wp\/v2\/comments?post=12060"}],"version-history":[{"count":0,"href":"https:\/\/santpedor.net\/radio\/wp-json\/wp\/v2\/posts\/12060\/revisions"}],"wp:featuredmedia":[{"embeddable":true,"href":"https:\/\/santpedor.net\/radio\/wp-json\/wp\/v2\/media\/12061"}],"wp:attachment":[{"href":"https:\/\/santpedor.net\/radio\/wp-json\/wp\/v2\/media?parent=12060"}],"wp:term":[{"taxonomy":"category","embeddable":true,"href":"https:\/\/santpedor.net\/radio\/wp-json\/wp\/v2\/categories?post=12060"},{"taxonomy":"post_tag","embeddable":true,"href":"https:\/\/santpedor.net\/radio\/wp-json\/wp\/v2\/tags?post=12060"}],"curies":[{"name":"wp","href":"https:\/\/api.w.org\/{rel}","templated":true}]}}