{"id":12354,"date":"2020-02-21T11:26:09","date_gmt":"2020-02-21T10:26:09","guid":{"rendered":"https:\/\/santpedor.net\/radio\/?p=12354"},"modified":"2020-02-21T11:26:58","modified_gmt":"2020-02-21T10:26:58","slug":"la-colla-f-f-pesca-el-primer-bacalla-de-santpedor","status":"publish","type":"post","link":"https:\/\/santpedor.net\/radio\/la-colla-f-f-pesca-el-primer-bacalla-de-santpedor\/","title":{"rendered":"La colla F. F. pesca el primer Bacall\u00e0 de Santpedor"},"content":{"rendered":"\n<p>El carnestoltes de Santpedor va comen\u00e7ar ahir amb l&#8217;empescada. Era la primera edici\u00f3 de l&#8217;acte i al voltant de 150 persones van passar per la Pla\u00e7a del Born mentre va durar l&#8217;acte. Per arrencar el carnestoltes, la comissi\u00f3 de penyes va organitzar una botifarrada i un concert d&#8217;Ayawascat. A m\u00e9s, per donar el tret de sortida a la festa, els F. F. \u2014la colla bacallanera escollida el dilluns de la festa major\u2014 va pescar el bacall\u00e0.<\/p>\n\n\n\n<p>Des de fa uns anys, la Ruta del Bakalau ha agafat protagonisme al Carnestoltes de Santpedor i la colla bacallanera \u00e9s l&#8217;encarregada de fer el preg\u00f3 i guiar la ruta amb el Bacall\u00e0 de goma-espuma que va construir Manel Just\u00edcia fa 4 anys. Aquest 2020, a m\u00e9s, la pr\u00f2pia colla bacallanera va pujar fins al balc\u00f3 d&#8217;una de les cases de la Pla\u00e7a del Born disfressada de mariners amb una jaqueta groga impermeable. Des d&#8217;all\u00e0, van tibar del bacall\u00e0 fins pujar-lo al balc\u00f3 mentre un grup de m\u00fasics tocava per deixar-lo penjat tot el carnestoltes. Avui, per\u00f2, el bacall\u00e0 passar\u00e0 per la Ruta i despr\u00e9s tornar\u00e0 a quedar penjat. Berta Fort\u00f3, de la colla F. F., ha explicat que ser colla bacallanera no els suposa cap esfor\u00e7.<\/p>\n\n\n\n<figure class=\"wp-block-audio aligncenter\"><audio controls src=\"https:\/\/santpedor.net\/radio\/wp-content\/uploads\/2020\/02\/FORT\u00d3.mp3\"><\/audio><figcaption><em>Berta Fort\u00f3, de la colla F. F.<\/em><\/figcaption><\/figure>\n\n\n\n<p>El preg\u00f3 de la Ruta del Bakalau ser\u00e0 a les 20:30 i, en total, passar\u00e0 per 9 bars diferents que oferiran menjar i beure als participants. A m\u00e9s, Ruta ser\u00e0 un concurs de disfresses independent del de la rua de carnestoltes de dem\u00e0.<\/p>\n","protected":false},"excerpt":{"rendered":"<p>El carnestoltes de Santpedor va comen\u00e7ar ahir amb l&#8217;empescada. Era la primera edici\u00f3 de l&#8217;acte i al voltant de 150 persones van passar per la Pla\u00e7a del Born mentre va durar l&#8217;acte. Per arrencar el carnestoltes, la comissi\u00f3 de penyes va organitzar una botifarrada i un concert d&#8217;Ayawascat. A m\u00e9s, per donar el tret de [&hellip;]<\/p>\n","protected":false},"author":2,"featured_media":12355,"comment_status":"open","ping_status":"closed","sticky":false,"template":"","format":"standard","meta":{"footnotes":""},"categories":[1,3,137],"tags":[],"class_list":{"0":"post-12354","1":"post","2":"type-post","3":"status-publish","4":"format-standard","5":"has-post-thumbnail","7":"category-general","8":"category-noticies","9":"category-societat"},"_links":{"self":[{"href":"https:\/\/santpedor.net\/radio\/wp-json\/wp\/v2\/posts\/12354","targetHints":{"allow":["GET"]}}],"collection":[{"href":"https:\/\/santpedor.net\/radio\/wp-json\/wp\/v2\/posts"}],"about":[{"href":"https:\/\/santpedor.net\/radio\/wp-json\/wp\/v2\/types\/post"}],"author":[{"embeddable":true,"href":"https:\/\/santpedor.net\/radio\/wp-json\/wp\/v2\/users\/2"}],"replies":[{"embeddable":true,"href":"https:\/\/santpedor.net\/radio\/wp-json\/wp\/v2\/comments?post=12354"}],"version-history":[{"count":0,"href":"https:\/\/santpedor.net\/radio\/wp-json\/wp\/v2\/posts\/12354\/revisions"}],"wp:featuredmedia":[{"embeddable":true,"href":"https:\/\/santpedor.net\/radio\/wp-json\/wp\/v2\/media\/12355"}],"wp:attachment":[{"href":"https:\/\/santpedor.net\/radio\/wp-json\/wp\/v2\/media?parent=12354"}],"wp:term":[{"taxonomy":"category","embeddable":true,"href":"https:\/\/santpedor.net\/radio\/wp-json\/wp\/v2\/categories?post=12354"},{"taxonomy":"post_tag","embeddable":true,"href":"https:\/\/santpedor.net\/radio\/wp-json\/wp\/v2\/tags?post=12354"}],"curies":[{"name":"wp","href":"https:\/\/api.w.org\/{rel}","templated":true}]}}