{"id":12358,"date":"2020-02-23T14:48:53","date_gmt":"2020-02-23T13:48:53","guid":{"rendered":"https:\/\/santpedor.net\/radio\/?p=12358"},"modified":"2020-02-23T14:48:55","modified_gmt":"2020-02-23T13:48:55","slug":"moures-per-santpedor-i-cartelleres-antifeixistes","status":"publish","type":"post","link":"https:\/\/santpedor.net\/radio\/moures-per-santpedor-i-cartelleres-antifeixistes\/","title":{"rendered":"Moure\u2019s per Santpedor i cartelleres antifeixistes"},"content":{"rendered":"\n<p><strong>El diumenge passat va tornar el Pla\u00e7a Gran a r\u00e0dio Santpedor, en un format renovat. Amb un tema central mensual, el rep\u00e0s del ple passa a reservar-se a la segona part del programa, on es comenten els temes m\u00e9s destacats amb els regidors.&nbsp;<\/strong><br><\/p>\n\n\n\n<p>El ple del mes de febrer va ser tranquil, amb punts merament administratius com pot ser l\u2019aportaci\u00f3 a la mancomunitat de sanejament del Bages o l\u2019aprovaci\u00f3 del conveni pel programa inform\u00e0tic que gestiona el padr\u00f3 municipal. D\u2019altra banda, va generar cert debat l\u2019aprovaci\u00f3 del canvi de denominaci\u00f3 de la Pla\u00e7a Gran a Pla\u00e7a Gran U d\u2019Octubre, que el grup municipal d\u2019En Com\u00fa Podem va criticar perqu\u00e8 no s\u2019havia consultat al poble abans de fer-lo efectiu.&nbsp;<br><\/p>\n\n\n\n<p>El punt que portat en conversa al programa va estirar-se m\u00e9s va ser la instal\u00b7laci\u00f3 de cartelleres a la vila perqu\u00e8 les entitats i col\u00b7lectius puguin fer publicitat de les activitats i actes que organitzen. Aquestes cartelleres, p\u00fabliques, seran regulades per una normativa que es redactar\u00e0 entre tots els grups, per evitar que s\u2019utilitzin amb fins comercials, o que es pengin cartells que siguin discriminatoris.&nbsp;<br><\/p>\n\n\n\n<p>Podeu escoltar el programa de febrer sencer a l\u2019Ivoox de R\u00e0dio Santpedor:<\/p>\n\n\n\n<iframe id='audio_48095912' frameborder='0' allowfullscreen='' scrolling='no' height='200' style='border:1px solid #EEE; box-sizing:border-box; width:100%;' src=\"https:\/\/www.ivoox.com\/player_ej_48095912_4_1.html?c1=ff6600\"><\/iframe>\n","protected":false},"excerpt":{"rendered":"<p>El diumenge passat va tornar el Pla\u00e7a Gran a r\u00e0dio Santpedor, en un format renovat. Amb un tema central mensual, el rep\u00e0s del ple passa a reservar-se a la segona part del programa, on es comenten els temes m\u00e9s destacats amb els regidors.&nbsp; El ple del mes de febrer va ser tranquil, amb punts merament [&hellip;]<\/p>\n","protected":false},"author":5,"featured_media":0,"comment_status":"open","ping_status":"closed","sticky":false,"template":"","format":"standard","meta":{"footnotes":""},"categories":[1,356,136],"tags":[],"class_list":{"0":"post-12358","1":"post","2":"type-post","3":"status-publish","4":"format-standard","6":"category-general","7":"category-placa-gran","8":"category-politica-i-economia"},"_links":{"self":[{"href":"https:\/\/santpedor.net\/radio\/wp-json\/wp\/v2\/posts\/12358","targetHints":{"allow":["GET"]}}],"collection":[{"href":"https:\/\/santpedor.net\/radio\/wp-json\/wp\/v2\/posts"}],"about":[{"href":"https:\/\/santpedor.net\/radio\/wp-json\/wp\/v2\/types\/post"}],"author":[{"embeddable":true,"href":"https:\/\/santpedor.net\/radio\/wp-json\/wp\/v2\/users\/5"}],"replies":[{"embeddable":true,"href":"https:\/\/santpedor.net\/radio\/wp-json\/wp\/v2\/comments?post=12358"}],"version-history":[{"count":0,"href":"https:\/\/santpedor.net\/radio\/wp-json\/wp\/v2\/posts\/12358\/revisions"}],"wp:attachment":[{"href":"https:\/\/santpedor.net\/radio\/wp-json\/wp\/v2\/media?parent=12358"}],"wp:term":[{"taxonomy":"category","embeddable":true,"href":"https:\/\/santpedor.net\/radio\/wp-json\/wp\/v2\/categories?post=12358"},{"taxonomy":"post_tag","embeddable":true,"href":"https:\/\/santpedor.net\/radio\/wp-json\/wp\/v2\/tags?post=12358"}],"curies":[{"name":"wp","href":"https:\/\/api.w.org\/{rel}","templated":true}]}}