{"id":12360,"date":"2020-02-27T12:15:41","date_gmt":"2020-02-27T11:15:41","guid":{"rendered":"https:\/\/santpedor.net\/radio\/?p=12360"},"modified":"2020-02-27T12:15:43","modified_gmt":"2020-02-27T11:15:43","slug":"els-centres-datencio-primaria-de-santpedor-i-sant-fruitos-estan-preparats-per-detectar-possibles-casos-de-coronavirus","status":"publish","type":"post","link":"https:\/\/santpedor.net\/radio\/els-centres-datencio-primaria-de-santpedor-i-sant-fruitos-estan-preparats-per-detectar-possibles-casos-de-coronavirus\/","title":{"rendered":"Els Centres d\u2019Atenci\u00f3 Prim\u00e0ria de Santpedor i Sant Fruit\u00f3s estan preparats per detectar possibles casos de coronavirus"},"content":{"rendered":"\n<figure class=\"wp-block-image size-large\"><img decoding=\"async\" src=\"http:\/\/onabages.cat\/wp-content\/uploads\/2019\/02\/imagen_00.jpg\" alt=\"\"\/><\/figure>\n\n\n\n<p>Els Centres d\u2019Atenci\u00f3 Prim\u00e0ria de Santpedor i Sant Fruit\u00f3s ja estan previnguts pel Coronavirus. De moment, per\u00f2, demanen que s\u2019extremin les precaucions amb actes preventius com rentar-se les mans perqu\u00e8 poden evitar contraure tant el Covid-19 com la grip.<\/p>\n\n\n\n<p>Al Bages no hi ha cap cas detectat del Coronavirus, per\u00f2 els dos CAP, igual que el de Navarcles, ja tenen una sala habilitada per si mai arriba un pacient que en presenti els s\u00edmptomes. L\u2019enfermera i adjunta de direcci\u00f3 de l\u2019\u00e0rea b\u00e0sica, Maite L\u00f3pez, ha explicat que els professionals ja han rebut les instruccions que calen.<\/p>\n\n\n\n<figure class=\"wp-block-audio aligncenter\"><audio controls src=\"http:\/\/onabages.cat\/wp-content\/uploads\/2020\/02\/270220-VIRUS-L\u00d3PEZ-TOCA-10.mp3\"><\/audio><figcaption><em>L&#8217;adjunta de direcci\u00f3 de l&#8217;\u00e0rea b\u00e0sica, Maite L\u00f3pez<\/em><\/figcaption><\/figure>\n\n\n\n<p>De moment, celebren que no hi hagi hagut cap cas i que cap dels tres pobles hagi perdut la calma. Aix\u00f2 s\u00ed, recorda l\u2019import\u00e0ncia de fer cas a les informacions de prevenci\u00f3 pel Coronavirus perqu\u00e8 coincideixen amb les de prevenci\u00f3 de la grip. S\u00f3n m\u00e8todes que prevenen les dues malalties i la grip si que ha passat pel Bages. L\u00f3pez explica diferents maneres de prevenir-la.<\/p>\n\n\n\n<figure class=\"wp-block-audio\"><audio controls src=\"http:\/\/onabages.cat\/wp-content\/uploads\/2020\/02\/270220-VIRUS-L\u00d3PEZ-DOMICILI-20.mp3\"><\/audio><\/figure>\n\n\n\n<p>Per rebre informaci\u00f3 sobre les dues cepes, cal trucar al Centre d\u2019atenci\u00f3 prim\u00e0ria m\u00e9s proper.<\/p>\n","protected":false},"excerpt":{"rendered":"<p>Els Centres d\u2019Atenci\u00f3 Prim\u00e0ria de Santpedor i Sant Fruit\u00f3s ja estan previnguts pel Coronavirus. De moment, per\u00f2, demanen que s\u2019extremin les precaucions amb actes preventius com rentar-se les mans perqu\u00e8 poden evitar contraure tant el Covid-19 com la grip. Al Bages no hi ha cap cas detectat del Coronavirus, per\u00f2 els dos CAP, igual que [&hellip;]<\/p>\n","protected":false},"author":2,"featured_media":0,"comment_status":"open","ping_status":"closed","sticky":false,"template":"","format":"standard","meta":{"footnotes":""},"categories":[1,3,137],"tags":[],"class_list":{"0":"post-12360","1":"post","2":"type-post","3":"status-publish","4":"format-standard","6":"category-general","7":"category-noticies","8":"category-societat"},"_links":{"self":[{"href":"https:\/\/santpedor.net\/radio\/wp-json\/wp\/v2\/posts\/12360","targetHints":{"allow":["GET"]}}],"collection":[{"href":"https:\/\/santpedor.net\/radio\/wp-json\/wp\/v2\/posts"}],"about":[{"href":"https:\/\/santpedor.net\/radio\/wp-json\/wp\/v2\/types\/post"}],"author":[{"embeddable":true,"href":"https:\/\/santpedor.net\/radio\/wp-json\/wp\/v2\/users\/2"}],"replies":[{"embeddable":true,"href":"https:\/\/santpedor.net\/radio\/wp-json\/wp\/v2\/comments?post=12360"}],"version-history":[{"count":0,"href":"https:\/\/santpedor.net\/radio\/wp-json\/wp\/v2\/posts\/12360\/revisions"}],"wp:attachment":[{"href":"https:\/\/santpedor.net\/radio\/wp-json\/wp\/v2\/media?parent=12360"}],"wp:term":[{"taxonomy":"category","embeddable":true,"href":"https:\/\/santpedor.net\/radio\/wp-json\/wp\/v2\/categories?post=12360"},{"taxonomy":"post_tag","embeddable":true,"href":"https:\/\/santpedor.net\/radio\/wp-json\/wp\/v2\/tags?post=12360"}],"curies":[{"name":"wp","href":"https:\/\/api.w.org\/{rel}","templated":true}]}}