{"id":12602,"date":"2020-07-31T17:30:00","date_gmt":"2020-07-31T15:30:00","guid":{"rendered":"https:\/\/santpedor.net\/radio\/?p=12602"},"modified":"2020-08-24T12:03:38","modified_gmt":"2020-08-24T10:03:38","slug":"lajuntament-tanca-avui-el-termini-per-a-demanar-millores-als-pisos-de-les-persones-grans-o-amb-discapacitat","status":"publish","type":"post","link":"https:\/\/santpedor.net\/radio\/lajuntament-tanca-avui-el-termini-per-a-demanar-millores-als-pisos-de-les-persones-grans-o-amb-discapacitat\/","title":{"rendered":"L&#8217;Ajuntament tanca avui el termini per a demanar millores als pisos de les persones grans o amb discapacitat"},"content":{"rendered":"\n<p>Avui es posa fi al termini de presentaci\u00f3 de sol\u00b7licituds per a arranjament de pisos de persones grans i persones amb discapacitat. L\u2019Ajuntament calcula que es podran fer uns vuit arranjaments en aquesta convocat\u00f2ria. L\u2019objectiu del programa ha sigut promoure l\u2019autonomia personal i millorar la qualitat de vida al domicili. Amb aquesta iniciativa es busca garantir les condicions d\u2019accessibilitat, seguretat, higiene, habitabilitat i efici\u00e8ncia energ\u00e8tica. Des del consistori s\u2019aposta per aquests arranjaments per tal de facilitar tamb\u00e9 les tasques d\u2019atenci\u00f3 domicili\u00e0ria. Aix\u00ed ho ha explicat la regidora d\u2019Acci\u00f3 Social, Laura Tarradellas.<\/p>\n\n\n\n<figure class=\"wp-block-audio\"><audio controls src=\"https:\/\/santpedor.net\/radio\/wp-content\/uploads\/2020\/07\/06TALL-Laura-Tarradelles-TASQUES-DOMICILIARIES.mp3\"><\/audio><figcaption><em><span class=\"has-inline-color has-vivid-cyan-blue-color\">Laura Tarradellas, regidora d&#8217;Acci\u00f3 Social<\/span><\/em><\/figcaption><\/figure>\n\n\n\n<p>Durant la legislatura passada, Santpedor va fer fins a 30 arranjaments d\u2019habitatge. La tipologia d\u2019obres varia molt en funci\u00f3 de les necessitats del sol\u00b7licitant, i \u00e9s per aix\u00f2 que un t\u00e8cnic fa un informe previ.<\/p>\n\n\n\n<figure class=\"wp-block-audio\"><audio controls src=\"https:\/\/santpedor.net\/radio\/wp-content\/uploads\/2020\/07\/07TALL-Laura-Tarradelles-OBRES-comuns.mp3\"><\/audio><figcaption><em><span class=\"has-inline-color has-vivid-cyan-blue-color\">Laura Tarradellas, regidora d&#8217;Acci\u00f3 Social<\/span><\/em><\/figcaption><\/figure>\n\n\n\n<p>L\u2019Ajuntament ha destinat a aquesta convocat\u00f2ria 18 mil euros del pressupost municipal. Les sol\u00b7licituds no nom\u00e9s arriben per part de la fam\u00edlia, sin\u00f3 tamb\u00e9 des de les treballadores familiars.<\/p>\n\n\n\n<figure class=\"wp-block-audio\"><audio controls src=\"https:\/\/santpedor.net\/radio\/wp-content\/uploads\/2020\/07\/08TALL-Laura-Tarradelles-SOLICITANTS.mp3\"><\/audio><figcaption><em><span class=\"has-inline-color has-vivid-cyan-blue-color\">Laura Tarradellas, regidora d&#8217;Acci\u00f3 Social<\/span><\/em><\/figcaption><\/figure>\n\n\n\n<p>Les ajudes estan destinades a projectes que comportin reformes b\u00e0siques per garantir les condicions de seguretat i de vida m\u00ednimes, petites reformes d\u2019adaptaci\u00f3 funcional o instal\u00b7laci\u00f3 d\u2019ajudes t\u00e8cniques als habitatges de les persones. Enguany tamb\u00e9 s\u2019inclouen ajudes t\u00e8cniques aix\u00ed com elements de despla\u00e7ament, de llit o per a la comunicaci\u00f3.<\/p>\n","protected":false},"excerpt":{"rendered":"<p>Avui es posa fi al termini de presentaci\u00f3 de sol\u00b7licituds per a arranjament de pisos de persones grans i persones amb discapacitat. L\u2019Ajuntament calcula que es podran fer uns vuit arranjaments en aquesta convocat\u00f2ria. L\u2019objectiu del programa ha sigut promoure l\u2019autonomia personal i millorar la qualitat de vida al domicili. Amb aquesta iniciativa es busca [&hellip;]<\/p>\n","protected":false},"author":1,"featured_media":0,"comment_status":"open","ping_status":"closed","sticky":false,"template":"","format":"standard","meta":{"footnotes":""},"categories":[3,137],"tags":[],"class_list":{"0":"post-12602","1":"post","2":"type-post","3":"status-publish","4":"format-standard","6":"category-noticies","7":"category-societat"},"_links":{"self":[{"href":"https:\/\/santpedor.net\/radio\/wp-json\/wp\/v2\/posts\/12602","targetHints":{"allow":["GET"]}}],"collection":[{"href":"https:\/\/santpedor.net\/radio\/wp-json\/wp\/v2\/posts"}],"about":[{"href":"https:\/\/santpedor.net\/radio\/wp-json\/wp\/v2\/types\/post"}],"author":[{"embeddable":true,"href":"https:\/\/santpedor.net\/radio\/wp-json\/wp\/v2\/users\/1"}],"replies":[{"embeddable":true,"href":"https:\/\/santpedor.net\/radio\/wp-json\/wp\/v2\/comments?post=12602"}],"version-history":[{"count":0,"href":"https:\/\/santpedor.net\/radio\/wp-json\/wp\/v2\/posts\/12602\/revisions"}],"wp:attachment":[{"href":"https:\/\/santpedor.net\/radio\/wp-json\/wp\/v2\/media?parent=12602"}],"wp:term":[{"taxonomy":"category","embeddable":true,"href":"https:\/\/santpedor.net\/radio\/wp-json\/wp\/v2\/categories?post=12602"},{"taxonomy":"post_tag","embeddable":true,"href":"https:\/\/santpedor.net\/radio\/wp-json\/wp\/v2\/tags?post=12602"}],"curies":[{"name":"wp","href":"https:\/\/api.w.org\/{rel}","templated":true}]}}