{"id":12611,"date":"2020-08-07T15:00:00","date_gmt":"2020-08-07T13:00:00","guid":{"rendered":"https:\/\/santpedor.net\/radio\/?p=12611"},"modified":"2020-08-07T12:34:06","modified_gmt":"2020-08-07T10:34:06","slug":"les-obres-de-la-serreta-comencaran-a-finals-dagost","status":"publish","type":"post","link":"https:\/\/santpedor.net\/radio\/les-obres-de-la-serreta-comencaran-a-finals-dagost\/","title":{"rendered":"Les obres de la Serreta comen\u00e7aran a finals d&#8217;agost"},"content":{"rendered":"\n<p>A finals d\u2019agost es comen\u00e7ar\u00e0 ja a fer l\u2019edifici de la nova escola de La Serreta. Aix\u00ed ho va explicar l\u2019alcalde de Santpedor, Xavier Codina, a R\u00e0dio Santpedor la setmana passada.<\/p>\n\n\n\n<figure class=\"wp-block-audio\"><audio controls src=\"https:\/\/santpedor.net\/radio\/wp-content\/uploads\/2020\/08\/01-TALL-ALCALDE-SERRETA-1.mp3\"><\/audio><figcaption><em><span class=\"has-inline-color has-vivid-cyan-blue-color\">Xavier Codina, alcalde de Santpedor<\/span><\/em><\/figcaption><\/figure>\n\n\n\n<p>El projecte s\u2019ha reclamat durant molt temps per part de la direcci\u00f3, l\u2019AMPA del centre i del mateix l\u2019Ajuntament.<\/p>\n\n\n\n<figure class=\"wp-block-audio\"><audio controls src=\"https:\/\/santpedor.net\/radio\/wp-content\/uploads\/2020\/08\/02-TALL-ALCALDE-SERRETA-2.mp3\"><\/audio><figcaption><em><span class=\"has-inline-color has-vivid-cyan-blue-color\">Xavier Codina, alcalde de Santpedor<\/span><\/em><\/figcaption><\/figure>\n\n\n\n<p>El pressupost de la Generalitat contempla una inversi\u00f3 de m\u00e9s d\u2019un mili\u00f3 d\u2019euros per aquest any, i una previsi\u00f3 de 3,2 milions m\u00e9s per a l\u2019any vinent. En total, l\u2019escola est\u00e0 pressupostada en m\u00e9s de 4 milions d\u2019euros. D\u2019acord amb l\u2019avantprojecte de l\u2019obra, es preveu que el nou edifici tingui una capacitat per a m\u00e9s de 200 nens i una sola l\u00ednia educativa.<strong><\/strong><\/p>\n\n\n\n<p>A m\u00e9s, es contempla que la nova escola ocupi m\u00e9s de 2 mil metres quadrats constru\u00efts en un solar annex a l\u2019actual centre. L\u2019escola tindr\u00e0 una planta baixa m\u00e9s un pis i en alguns punts es disposar\u00e0 de tres nivells, per tal d\u2019adequar-se al desnivell.<\/p>\n\n\n\n<p>Segons va dibuixar l\u2019estudi d\u2019arquitectura, la futura Serreta tindr\u00e0 un espai d&#8217;educaci\u00f3 infantil apte per a 55 nens i nenes repartits en tres aules, lavabos per a nens i mestres, aula de psicomotricitat, tutoria i magatzem. En l&#8217;espai destinat a educaci\u00f3 prim\u00e0ria hi haur\u00e0 10 aules, 6 d\u2019elles per als cursos ordinaris. La resta es repartiran en una aula de desdoblament, una de refor\u00e7, una aula espec\u00edfica i una d&#8217;inform\u00e0tica. Tamb\u00e9 tindr\u00e0\u00a0cuina, magatzem i lavabos. Els espais comuns es disposaran de manera diferenciada amb\u00a0un lloc polivalent amb vestidors, magatzem i un\u00a0escenari. L\u2019estiu passat ja es va donar la llic\u00e8ncia d\u2019obres per part de l\u2019Ajuntament, amb una cessi\u00f3 de terreny municipal.<\/p>\n","protected":false},"excerpt":{"rendered":"<p>A finals d\u2019agost es comen\u00e7ar\u00e0 ja a fer l\u2019edifici de la nova escola de La Serreta. Aix\u00ed ho va explicar l\u2019alcalde de Santpedor, Xavier Codina, a R\u00e0dio Santpedor la setmana passada. El projecte s\u2019ha reclamat durant molt temps per part de la direcci\u00f3, l\u2019AMPA del centre i del mateix l\u2019Ajuntament. El pressupost de la Generalitat [&hellip;]<\/p>\n","protected":false},"author":1,"featured_media":10000,"comment_status":"open","ping_status":"closed","sticky":false,"template":"","format":"standard","meta":{"footnotes":""},"categories":[3],"tags":[],"class_list":{"0":"post-12611","1":"post","2":"type-post","3":"status-publish","4":"format-standard","5":"has-post-thumbnail","7":"category-noticies"},"_links":{"self":[{"href":"https:\/\/santpedor.net\/radio\/wp-json\/wp\/v2\/posts\/12611","targetHints":{"allow":["GET"]}}],"collection":[{"href":"https:\/\/santpedor.net\/radio\/wp-json\/wp\/v2\/posts"}],"about":[{"href":"https:\/\/santpedor.net\/radio\/wp-json\/wp\/v2\/types\/post"}],"author":[{"embeddable":true,"href":"https:\/\/santpedor.net\/radio\/wp-json\/wp\/v2\/users\/1"}],"replies":[{"embeddable":true,"href":"https:\/\/santpedor.net\/radio\/wp-json\/wp\/v2\/comments?post=12611"}],"version-history":[{"count":0,"href":"https:\/\/santpedor.net\/radio\/wp-json\/wp\/v2\/posts\/12611\/revisions"}],"wp:featuredmedia":[{"embeddable":true,"href":"https:\/\/santpedor.net\/radio\/wp-json\/wp\/v2\/media\/10000"}],"wp:attachment":[{"href":"https:\/\/santpedor.net\/radio\/wp-json\/wp\/v2\/media?parent=12611"}],"wp:term":[{"taxonomy":"category","embeddable":true,"href":"https:\/\/santpedor.net\/radio\/wp-json\/wp\/v2\/categories?post=12611"},{"taxonomy":"post_tag","embeddable":true,"href":"https:\/\/santpedor.net\/radio\/wp-json\/wp\/v2\/tags?post=12611"}],"curies":[{"name":"wp","href":"https:\/\/api.w.org\/{rel}","templated":true}]}}