{"id":12614,"date":"2020-08-07T17:34:00","date_gmt":"2020-08-07T15:34:00","guid":{"rendered":"https:\/\/santpedor.net\/radio\/?p=12614"},"modified":"2020-08-07T12:45:27","modified_gmt":"2020-08-07T10:45:27","slug":"215-nens-i-nenes-participen-al-bitxac-2020-de-juliol","status":"publish","type":"post","link":"https:\/\/santpedor.net\/radio\/215-nens-i-nenes-participen-al-bitxac-2020-de-juliol\/","title":{"rendered":"215 nens i nenes participen al Bitxac 2020 de juliol"},"content":{"rendered":"\n<p>Santpedor no ha volgut renunciar a les activitats d\u2019estiu previstes des del Casal Bitxac. El Casal ha seguit totes les recomanacions sanit\u00e0ries, com la mascareta obligat\u00f2ria i la rentada de mans, i les activitats s\u2019han dut a terme a l\u2019aire lliure i en grups redu\u00efts. En total, durant el mes de juliol s\u2019han inscrit 215 petits, amb el pic m\u00e0xim de 180 durant la setmana amb m\u00e9s aflu\u00e8ncia. S\u00f3n dades que mostren una disminuci\u00f3 de la participaci\u00f3 en comparaci\u00f3 amb anys anteriors.<\/p>\n\n\n\n<p>El Casal ha tingut 21 monitors, amb 6 especialitzats en prevenci\u00f3 i higiene, on un 60% tenien la titulaci\u00f3 d\u2019esportiu i un 40% la de lleure. Des del m\u00f3n educatiu ja es remarcava que \u00e9s important que els nens i nenes puguin recuperar la seva normalitat de cara al seu desenvolupament vital, i els casals d\u2019estiu en s\u00f3n una mostra. La valoraci\u00f3 que es fa des de l\u2019Ajuntament \u00e9s positiva, i aix\u00ed ho remarca la regidora d\u2019Inf\u00e0ncia, Roser Llobera.<\/p>\n\n\n\n<figure class=\"wp-block-audio\"><audio controls src=\"https:\/\/santpedor.net\/radio\/wp-content\/uploads\/2020\/08\/03-TALL-LLOBERA-CASAL-1.mp3\"><\/audio><figcaption><em><span class=\"has-inline-color has-vivid-cyan-blue-color\">Roser Llobera, regidora d&#8217;Inf\u00e0ncia<\/span><\/em><\/figcaption><\/figure>\n\n\n\n<p>Tot i que des del Casal es va oferir poder ampliar les activitats durant l\u2019agost i la segona setmana de setembre, no hi ha hagut prou demanda per poder portar-ho a terme.<\/p>\n\n\n\n<p>Els monitors han volgut treballar les emocions que s\u2019han generat durant el confinament, per\u00f2 els nens i nenes tamb\u00e9 necessitaven treure l\u2019energia acumulada i les ganes de jugar.<\/p>\n\n\n\n<figure class=\"wp-block-audio\"><audio controls src=\"https:\/\/santpedor.net\/radio\/wp-content\/uploads\/2020\/08\/04-TALL-LLOBERA-CASAL-2.mp3\"><\/audio><figcaption><em><span class=\"has-inline-color has-vivid-cyan-blue-color\">Roser Llobera, regidora d&#8217;Inf\u00e0ncia<\/span><\/em><\/figcaption><\/figure>\n\n\n\n<p>L\u2019Ajuntament ha treballat en col\u00b7laboraci\u00f3 amb el Consell Esportiu del Bages, que \u00e9s l\u2019ens que organitza el casal. Enguany, per\u00f2, la tasca de neteja ha anat a c\u00e0rrec del consistori.<\/p>\n\n\n\n<p>Les activitats s\u2019han enfocat al lleure, adaptant les activitats als requisits que anaven canviant des de la Generalitat. S\u2019han pogut utilitzar m\u00faltiples espais de la vila. Pel que fa al contingut del Casal, no s\u2019han pogut realitzar algunes activitats estrella com el bivac o el menjador.<\/p>\n\n\n\n<figure class=\"wp-block-audio\"><audio controls src=\"https:\/\/santpedor.net\/radio\/wp-content\/uploads\/2020\/08\/05-TALL-LLOBERA-CASAL-3.mp3\"><\/audio><figcaption><em><span class=\"has-inline-color has-vivid-cyan-blue-color\">Roser Llobera, regidora d&#8217;Inf\u00e0ncia<\/span><\/em><\/figcaption><\/figure>\n\n\n\n<p>Les piscines han sigut les grans substitutes de les activitats que no s\u2019han pogut realitzar, juntament amb excursions en bicicleta, tallers o jocs.<\/p>\n","protected":false},"excerpt":{"rendered":"<p>Santpedor no ha volgut renunciar a les activitats d\u2019estiu previstes des del Casal Bitxac. El Casal ha seguit totes les recomanacions sanit\u00e0ries, com la mascareta obligat\u00f2ria i la rentada de mans, i les activitats s\u2019han dut a terme a l\u2019aire lliure i en grups redu\u00efts. En total, durant el mes de juliol s\u2019han inscrit 215 [&hellip;]<\/p>\n","protected":false},"author":1,"featured_media":12618,"comment_status":"open","ping_status":"closed","sticky":false,"template":"","format":"standard","meta":{"footnotes":""},"categories":[3,137],"tags":[],"class_list":{"0":"post-12614","1":"post","2":"type-post","3":"status-publish","4":"format-standard","5":"has-post-thumbnail","7":"category-noticies","8":"category-societat"},"_links":{"self":[{"href":"https:\/\/santpedor.net\/radio\/wp-json\/wp\/v2\/posts\/12614","targetHints":{"allow":["GET"]}}],"collection":[{"href":"https:\/\/santpedor.net\/radio\/wp-json\/wp\/v2\/posts"}],"about":[{"href":"https:\/\/santpedor.net\/radio\/wp-json\/wp\/v2\/types\/post"}],"author":[{"embeddable":true,"href":"https:\/\/santpedor.net\/radio\/wp-json\/wp\/v2\/users\/1"}],"replies":[{"embeddable":true,"href":"https:\/\/santpedor.net\/radio\/wp-json\/wp\/v2\/comments?post=12614"}],"version-history":[{"count":0,"href":"https:\/\/santpedor.net\/radio\/wp-json\/wp\/v2\/posts\/12614\/revisions"}],"wp:featuredmedia":[{"embeddable":true,"href":"https:\/\/santpedor.net\/radio\/wp-json\/wp\/v2\/media\/12618"}],"wp:attachment":[{"href":"https:\/\/santpedor.net\/radio\/wp-json\/wp\/v2\/media?parent=12614"}],"wp:term":[{"taxonomy":"category","embeddable":true,"href":"https:\/\/santpedor.net\/radio\/wp-json\/wp\/v2\/categories?post=12614"},{"taxonomy":"post_tag","embeddable":true,"href":"https:\/\/santpedor.net\/radio\/wp-json\/wp\/v2\/tags?post=12614"}],"curies":[{"name":"wp","href":"https:\/\/api.w.org\/{rel}","templated":true}]}}